{"id":1050,"date":"2022-08-18T17:10:00","date_gmt":"2022-08-18T17:10:00","guid":{"rendered":"https:\/\/www.palandun.de\/?p=1050"},"modified":"2022-10-01T17:49:16","modified_gmt":"2022-10-01T17:49:16","slug":"respekt","status":"publish","type":"post","link":"https:\/\/www.palandun.de\/index.php\/2022\/08\/18\/respekt\/","title":{"rendered":"Respekt"},"content":{"rendered":"\n<p>Hin und wieder fordern Leute mehr Respekt von anderen Leuten. Und ich bin ja jemand, dem hin und wieder Respektlosigkeit vorgeworfen wird. Tats\u00e4chlich fehlt mir an vielen Stellen auch der Respekt.<\/p>\n\n\n\n<p>Wenn zu den Friday for Future-Kids gesagt wird: \u201eGeht doch erstmal arbeiten\u201c, dann fehlt es an Respekt.<\/p>\n\n\n\n<p>Wenn Radfahrer mit geringem Abstand \u00fcberholt werden, dann fehlt es an Respekt.<\/p>\n\n\n\n<p>Wenn an Kassen im Supermarkt vorgedr\u00e4ngelt wird, dann fehlt es an Respekt.<\/p>\n\n\n\n<p>Wenn Homosexuelle, <a><\/a>Transgender, Leute anderer Nationalit\u00e4t oder Religi\u00f6sit\u00e4t beleidigt werden, fehlt es an Respekt.<\/p>\n\n\n\n<p>Wenn ein Hundebesitzer ruft: \u201eDer will nur spielen\u201c, dann fehlt es an Respekt.<\/p>\n\n\n\n<p>Wenn in Superm\u00e4rkten die Maske nicht aufgezogen wird und stattdessen mit der Verk\u00e4uferin diskutiert wird, dann fehlt es an Respekt (und zwar vor der Verk\u00e4uferin, die gesetzlich gezwungen ist, darauf zu achten).<\/p>\n\n\n\n<p>Wenn Radfahrer auf dem B\u00fcrgersteig fahren und ohne zu gucken pl\u00f6tzlich auf die Stra\u00dfe wechseln, fehlt es an Respekt.<\/p>\n\n\n\n<p>Wenn Omas mit ihren Enkeln alte Lebensmittel an Pferde verf\u00fcttern, am besten neben dem \u201eBitte nicht f\u00fcttern\u201c Schild, dann fehlt es an Respekt.<\/p>\n\n\n\n<p>Wenn haneb\u00fcchene Argumente gesucht werden, um ja einen Vorteil von Benzinern gegen\u00fcber E-Autos zu finden und\/oder den Klimawandel zu negieren, dann fehlt es an Respekt.<\/p>\n\n\n\n<p>Wenn ein Artikel berichtet, welche Sch\u00e4den wegen der Corona-Ma\u00dfnahmen gerade bei Kindern und Jugendlichen entstanden sind, und darunter fangen dann ganz viele Leute an zu schreiben: \u201eAber ich habe doch genauso gelitten\u201c, dann fehlt es an Respekt.<\/p>\n\n\n\n<p>Wenn Elterntaxis so nah wie m\u00f6glich an Schulen heranfahren, ohne sinnvolle M\u00f6glichkeiten des Absetzens der Kinder zu w\u00e4hlen, fehlt es an Respekt.<\/p>\n\n\n\n<p>Wenn Autofahrer B\u00fcrgersteige oder Radwege beparken, dann fehlt es an Respekt.<\/p>\n\n\n\n<p>Beliebig fortf\u00fchrbar.<\/p>\n\n\n\n<p>Es gibt \u00fcbrigens noch etwas zum Thema Respekt: speziellen Respekt vor dem Alter.<\/p>\n\n\n\n<p>Das halte ich pers\u00f6nlich f\u00fcr Quatsch.<\/p>\n\n\n\n<p>Warum gibt es diese Forderung z.B. in der Bibel?<\/p>\n\n\n\n<p>Erstmal ist es so, dass die Schriften jetzt nicht unbedingt von Jugendlichen stammen\u2026<\/p>\n\n\n\n<p>Dann ist die Idee ist, dass \u00e4ltere Menschen Lebenserfahrung besitzen. Und \u00e4ltere Menschen erstmal was geschafft haben \u2013 so lange leben war in der Zeit der Bibel gar nicht so einfach.<\/p>\n\n\n\n<p>Unsere Welt ist aber verr\u00fcckt: es gibt mittlerweile schon Zwanzigj\u00e4hrige, die mehr im Leben gesehen haben als mancher Achtzigj\u00e4hrige und auch mehr Weisheiten draus ziehen konnten. D.h. der einzige Grund, warum man speziell f\u00fcr alte Leute Respekt fordert, ist dahin\u2026<\/p>\n\n\n\n<p>Und ich w\u00fcrde die Aussage mit dem Respekt vor \u00c4lteren gerne streichen, weil ich sie f\u00fcr kontraproduktiv halte. Ich glaube, dass manche \u00c4lteren diesen Respekt in Anspruch nehmen als etwas, was ihnen zusteht. Und sich deswegen respektlos anderen gegen\u00fcber verhalten. Die wiederum dann auch keinen Respekt zeigen. Eine sogenannte Lose-Lose-Situation.<\/p>\n\n\n\n<p>Wenn wir uns eher mal darauf einigen k\u00f6nnten, dass alle Menschen allen anderen Menschen Respekt entgegenbringen w\u00fcrden, h\u00e4tten wir viel gewonnen\u2026<\/p>\n","protected":false},"excerpt":{"rendered":"<p>Hin und wieder fordern Leute mehr Respekt von anderen Leuten. Und ich bin ja jemand, dem hin und wieder Respektlosigkeit vorgeworfen wird. Tats\u00e4chlich fehlt mir an vielen Stellen auch der Respekt. Wenn zu den Friday for Future-Kids gesagt wird: \u201eGeht doch erstmal arbeiten\u201c, dann fehlt es an Respekt. Wenn Radfahrer mit geringem Abstand \u00fcberholt werden, &hellip; <a href=\"https:\/\/www.palandun.de\/index.php\/2022\/08\/18\/respekt\/\" class=\"more-link\"><span class=\"screen-reader-text\">\u201eRespekt\u201c <\/span>weiterlesen<\/a><\/p>\n","protected":false},"author":2,"featured_media":0,"comment_status":"closed","ping_status":"closed","sticky":false,"template":"","format":"standard","meta":{"footnotes":""},"categories":[15],"tags":[],"class_list":["post-1050","post","type-post","status-publish","format-standard","hentry","category-nachdenkliches"],"_links":{"self":[{"href":"https:\/\/www.palandun.de\/index.php\/wp-json\/wp\/v2\/posts\/1050","targetHints":{"allow":["GET"]}}],"collection":[{"href":"https:\/\/www.palandun.de\/index.php\/wp-json\/wp\/v2\/posts"}],"about":[{"href":"https:\/\/www.palandun.de\/index.php\/wp-json\/wp\/v2\/types\/post"}],"author":[{"embeddable":true,"href":"https:\/\/www.palandun.de\/index.php\/wp-json\/wp\/v2\/users\/2"}],"replies":[{"embeddable":true,"href":"https:\/\/www.palandun.de\/index.php\/wp-json\/wp\/v2\/comments?post=1050"}],"version-history":[{"count":2,"href":"https:\/\/www.palandun.de\/index.php\/wp-json\/wp\/v2\/posts\/1050\/revisions"}],"predecessor-version":[{"id":1089,"href":"https:\/\/www.palandun.de\/index.php\/wp-json\/wp\/v2\/posts\/1050\/revisions\/1089"}],"wp:attachment":[{"href":"https:\/\/www.palandun.de\/index.php\/wp-json\/wp\/v2\/media?parent=1050"}],"wp:term":[{"taxonomy":"category","embeddable":true,"href":"https:\/\/www.palandun.de\/index.php\/wp-json\/wp\/v2\/categories?post=1050"},{"taxonomy":"post_tag","embeddable":true,"href":"https:\/\/www.palandun.de\/index.php\/wp-json\/wp\/v2\/tags?post=1050"}],"curies":[{"name":"wp","href":"https:\/\/api.w.org\/{rel}","templated":true}]}}