{"id":1100,"date":"2022-12-09T15:45:30","date_gmt":"2022-12-09T15:45:30","guid":{"rendered":"https:\/\/www.palandun.de\/?p=1100"},"modified":"2022-12-09T15:45:30","modified_gmt":"2022-12-09T15:45:30","slug":"kinder-und-erkaeltungen","status":"publish","type":"post","link":"https:\/\/www.palandun.de\/index.php\/2022\/12\/09\/kinder-und-erkaeltungen\/","title":{"rendered":"Kinder und Erk\u00e4ltungen"},"content":{"rendered":"\n<p>Ich mache gerade bei der gro\u00dfen Erk\u00e4ltungswelle mit und mir deswegen ein paar Gedanken dazu. Vor allem zu den Problemen bei den Kinder\u00e4rzten, die gerade von RSV-Kinder-Wellen \u00fcbersp\u00fclt werden.<\/p>\n\n\n\n<p>Erstmal: sind aber die Corona-Ma\u00dfnahmen schuld, oder? Ganz falsch ist das nicht. RSV ist der hei\u00dfe Einstieg f\u00fcr Kinder in den Krankheitssektor. Und das erste Mal ist dabei schlimmer als sp\u00e4ter, wenn man schon Kontakt hatte. D.h. viele machen das als Einj\u00e4hrige mit. Dieses Jahr holen das <a><\/a>dann Kinder nach, die schon 2 oder 3 sind und wegen z.B. Masken das noch nicht hatten.<\/p>\n\n\n\n<p>Zus\u00e4tzlich sind RSV- und Grippeviren fr\u00fcher unterwegs. Also: f\u00fcr Experten gibt es Erkl\u00e4rungen.<\/p>\n\n\n\n<p>Kann man sagen: warum haben die das nicht vorhergesagt? Haben die tats\u00e4chlich gemacht. Gerade zu der Kleinkinderproblematik gab es am Beginn des Herbstes selbst in kleinen Zeitungen Aussagen.<\/p>\n\n\n\n<p>N\u00e4chste Fragen: 1. Warum wissen wir nix davon? 2. Warum haben wir keine Antworten darauf?<\/p>\n\n\n\n<p>Das ist f\u00fcr 1 einfach: Es gibt so viele Berichte, da gehen einzelne Berichte gerne unter. Mittlerweile gibt es sogar Berichte in Medien von Verkehrsunf\u00e4llen in Amerika, wenn sie irgendwie einen Hauch von Interesse vermitteln k\u00f6nnten.<\/p>\n\n\n\n<p>Das interessante ist die Frage 2: warum sind wir nicht vorbereitet?<\/p>\n\n\n\n<p>Auch einfach: Wir wissen seit \u00fcber 50 Jahren von der Klimaerw\u00e4rmung. Wir haben die Fakten mit der Zeit immer besser verstanden. Wir handeln noch immer nicht ad\u00e4quat. Warum sollten wir dieses Vorgehen nicht auch in anderen Bereichen anwenden?<\/p>\n\n\n\n<p>Spannend wird es, falls die Lockerungen in China die Pandemie nochmal befeuern oder falls wir mal eine neue Pandemie kriegen. Dann fangen wir wieder mit dem Headless Chicken-Modus wie zu Beginn von Corona an.<\/p>\n","protected":false},"excerpt":{"rendered":"<p>Ich mache gerade bei der gro\u00dfen Erk\u00e4ltungswelle mit und mir deswegen ein paar Gedanken dazu. Vor allem zu den Problemen bei den Kinder\u00e4rzten, die gerade von RSV-Kinder-Wellen \u00fcbersp\u00fclt werden. Erstmal: sind aber die Corona-Ma\u00dfnahmen schuld, oder? Ganz falsch ist das nicht. RSV ist der hei\u00dfe Einstieg f\u00fcr Kinder in den Krankheitssektor. Und das erste Mal &hellip; <a href=\"https:\/\/www.palandun.de\/index.php\/2022\/12\/09\/kinder-und-erkaeltungen\/\" class=\"more-link\"><span class=\"screen-reader-text\">\u201eKinder und Erk\u00e4ltungen\u201c <\/span>weiterlesen<\/a><\/p>\n","protected":false},"author":2,"featured_media":0,"comment_status":"closed","ping_status":"closed","sticky":false,"template":"","format":"standard","meta":{"footnotes":""},"categories":[22],"tags":[],"class_list":["post-1100","post","type-post","status-publish","format-standard","hentry","category-corona"],"_links":{"self":[{"href":"https:\/\/www.palandun.de\/index.php\/wp-json\/wp\/v2\/posts\/1100","targetHints":{"allow":["GET"]}}],"collection":[{"href":"https:\/\/www.palandun.de\/index.php\/wp-json\/wp\/v2\/posts"}],"about":[{"href":"https:\/\/www.palandun.de\/index.php\/wp-json\/wp\/v2\/types\/post"}],"author":[{"embeddable":true,"href":"https:\/\/www.palandun.de\/index.php\/wp-json\/wp\/v2\/users\/2"}],"replies":[{"embeddable":true,"href":"https:\/\/www.palandun.de\/index.php\/wp-json\/wp\/v2\/comments?post=1100"}],"version-history":[{"count":1,"href":"https:\/\/www.palandun.de\/index.php\/wp-json\/wp\/v2\/posts\/1100\/revisions"}],"predecessor-version":[{"id":1101,"href":"https:\/\/www.palandun.de\/index.php\/wp-json\/wp\/v2\/posts\/1100\/revisions\/1101"}],"wp:attachment":[{"href":"https:\/\/www.palandun.de\/index.php\/wp-json\/wp\/v2\/media?parent=1100"}],"wp:term":[{"taxonomy":"category","embeddable":true,"href":"https:\/\/www.palandun.de\/index.php\/wp-json\/wp\/v2\/categories?post=1100"},{"taxonomy":"post_tag","embeddable":true,"href":"https:\/\/www.palandun.de\/index.php\/wp-json\/wp\/v2\/tags?post=1100"}],"curies":[{"name":"wp","href":"https:\/\/api.w.org\/{rel}","templated":true}]}}