{"id":1104,"date":"2022-11-30T15:46:00","date_gmt":"2022-11-30T15:46:00","guid":{"rendered":"https:\/\/www.palandun.de\/?p=1104"},"modified":"2022-12-09T15:49:24","modified_gmt":"2022-12-09T15:49:24","slug":"atomkraftwerke-ja-atommuell-nein","status":"publish","type":"post","link":"https:\/\/www.palandun.de\/index.php\/2022\/11\/30\/atomkraftwerke-ja-atommuell-nein\/","title":{"rendered":"Atomkraftwerke: Ja! Atomm\u00fcll: nein!"},"content":{"rendered":"\n<p>Spa\u00df vor Ort:<\/p>\n\n\n\n<p>Eine gr\u00fcne Regierungspr\u00e4sidentin und eine gr\u00fcne Umweltministerin m\u00fcssen sich vor aufgebrachten B\u00fcttelbornern verteidigen, warum sie den schwachradioaktiven M\u00fcll in B\u00fcttelborn lagern wollen.<\/p>\n\n\n\n<p>Fazit eines B\u00fcttelborners: \u201eDie Gr\u00fcnen w\u00e4hle ich nie wieder.\u201c<\/p>\n\n\n\n<p>Auch <a><\/a>das ist Politik: Du musst M\u00fcll loswerden, der mit deiner politischen Ausrichtung nie verursacht worden w\u00e4re, und verlierst dadurch W\u00e4hler, die vermutlich dann die Parteien w\u00e4hlen, die weiter solchen M\u00fcll produzieren wollen.<\/p>\n\n\n\n<p>Die Atomkraftfrage wird immer falsch gestellt. Wie w\u00e4re es mit?<\/p>\n\n\n\n<p>\u201eSind sie f\u00fcr die Nutzung von Atomkraft zum Zwecke der Energiegewinnung und f\u00fcr die Lagerung des schwachradioaktiven M\u00fclls auf der Deponie vor ihrer Haust\u00fcr?\u201c<\/p>\n\n\n\n<p>Und Zack: 99% Ablehnung. Ergab ein Feldversuch in B\u00fcttelborn.<\/p>\n\n\n\n<p>Dazu: <a rel=\"noreferrer noopener\" href=\"https:\/\/fckaf.de\/0CD?fbclid=IwAR2S5WBihNxBTJ5vTh-6CM6-ooaZTVl91rIkG67qcXDJjsikkU9rOnesb2g\" target=\"_blank\">https:\/\/fckaf.de\/0CD<\/a><\/p>\n","protected":false},"excerpt":{"rendered":"<p>Spa\u00df vor Ort: Eine gr\u00fcne Regierungspr\u00e4sidentin und eine gr\u00fcne Umweltministerin m\u00fcssen sich vor aufgebrachten B\u00fcttelbornern verteidigen, warum sie den schwachradioaktiven M\u00fcll in B\u00fcttelborn lagern wollen. Fazit eines B\u00fcttelborners: \u201eDie Gr\u00fcnen w\u00e4hle ich nie wieder.\u201c Auch das ist Politik: Du musst M\u00fcll loswerden, der mit deiner politischen Ausrichtung nie verursacht worden w\u00e4re, und verlierst dadurch W\u00e4hler, &hellip; <a href=\"https:\/\/www.palandun.de\/index.php\/2022\/11\/30\/atomkraftwerke-ja-atommuell-nein\/\" class=\"more-link\"><span class=\"screen-reader-text\">\u201eAtomkraftwerke: Ja! Atomm\u00fcll: nein!\u201c <\/span>weiterlesen<\/a><\/p>\n","protected":false},"author":2,"featured_media":0,"comment_status":"closed","ping_status":"closed","sticky":false,"template":"","format":"standard","meta":{"footnotes":""},"categories":[2],"tags":[],"class_list":["post-1104","post","type-post","status-publish","format-standard","hentry","category-satire"],"_links":{"self":[{"href":"https:\/\/www.palandun.de\/index.php\/wp-json\/wp\/v2\/posts\/1104","targetHints":{"allow":["GET"]}}],"collection":[{"href":"https:\/\/www.palandun.de\/index.php\/wp-json\/wp\/v2\/posts"}],"about":[{"href":"https:\/\/www.palandun.de\/index.php\/wp-json\/wp\/v2\/types\/post"}],"author":[{"embeddable":true,"href":"https:\/\/www.palandun.de\/index.php\/wp-json\/wp\/v2\/users\/2"}],"replies":[{"embeddable":true,"href":"https:\/\/www.palandun.de\/index.php\/wp-json\/wp\/v2\/comments?post=1104"}],"version-history":[{"count":1,"href":"https:\/\/www.palandun.de\/index.php\/wp-json\/wp\/v2\/posts\/1104\/revisions"}],"predecessor-version":[{"id":1107,"href":"https:\/\/www.palandun.de\/index.php\/wp-json\/wp\/v2\/posts\/1104\/revisions\/1107"}],"wp:attachment":[{"href":"https:\/\/www.palandun.de\/index.php\/wp-json\/wp\/v2\/media?parent=1104"}],"wp:term":[{"taxonomy":"category","embeddable":true,"href":"https:\/\/www.palandun.de\/index.php\/wp-json\/wp\/v2\/categories?post=1104"},{"taxonomy":"post_tag","embeddable":true,"href":"https:\/\/www.palandun.de\/index.php\/wp-json\/wp\/v2\/tags?post=1104"}],"curies":[{"name":"wp","href":"https:\/\/api.w.org\/{rel}","templated":true}]}}