{"id":1135,"date":"2022-12-30T17:53:55","date_gmt":"2022-12-30T17:53:55","guid":{"rendered":"https:\/\/www.palandun.de\/?p=1135"},"modified":"2022-12-16T17:54:37","modified_gmt":"2022-12-16T17:54:37","slug":"jahresrueckblick-2022","status":"publish","type":"post","link":"https:\/\/www.palandun.de\/index.php\/2022\/12\/30\/jahresrueckblick-2022\/","title":{"rendered":"Jahresr\u00fcckblick 2022"},"content":{"rendered":"\n<p>Januar<\/p>\n\n\n\n<p>Die Ampel regiert. Nicht nur meine Stra\u00dfen\u00fcberquerung, sondern das ganze Land. Und wir merken gleich: nicht rot bremst, sondern gelb. M\u00fcssen wir auf den Stra\u00dfen mal umstellen.<\/p>\n\n\n\n<p>Impfpflicht: Ja! Nein! Doch! Nein! Doch! Nein! Doch! Kubicki! Und schon verloren. Impflicht dann doch nur f\u00fcr Pflegekr\u00e4fte. Zumindest die, die sich nicht wehren. Und f\u00fcr alle, deren Namen sich r\u00fcckw\u00e4rts wie eine Fahrradmarke anh\u00f6rt. Keinen gefunden. Schade.<\/p>\n\n\n\n<p>Alle 11 Minuten verliebt sich ein Deutscher in abstruse Thesen. \u201eIch querdenke jetzt.\u201c<\/p>\n\n\n\n<p>Forum: \u201ein der Regierung werden Vorhaben einer 15%-Partei durchgedr\u00fcckt. Das geht doch nicht!\u201c Sagte ein Anh\u00e4nger der 5%-Partei CSU.<\/p>\n\n\n\n<p>J\u00f6rg Meuthen tritt aus der AfD aus. Sie ist ihm zu rechts geworden. \u00dcberraschend. Erwarte beinahe, dass der Papst aus katholischen Kirche austritt, als die fast 500 Mi\u00dfbrauchsf\u00e4lle in M\u00fcnchen und Freising bekanntgegeben werden. Macht er nicht. Schade.<\/p>\n\n\n\n<p>Februar<\/p>\n\n\n\n<p>Beliebteste linke Politikerin bei Rechtsextremen: Sarah Wagenknecht. Die Frau, die eigenm\u00fcndlich die Hufeisentheorie beweisen will.<\/p>\n\n\n\n<p>Die Queen feiert 70j\u00e4hriges Thronjubil\u00e4um. Die CDU \u00e4rgert sich, dass sie nur 16 Jahre am St\u00fcck schaffte.<\/p>\n\n\n\n<p>Sturmtief pfl\u00fcgt durch Deutschland. Aber keine Panik: ist nur Wetter.<\/p>\n\n\n\n<p>Putin wird vom Westen zum Krieg gegen die Ukraine gezwungen. Weil die auch im Westen liegt. Die Linke glaubt derweil immer noch daran, dass das ganze nur eine Finte der Amerikaner ist. Oder hatten die Amerikaner Nacktbilder von Putin in einer Schwulenbar und haben ihn damit zum Angriff erpresst? Hauptsache, der Russe ist nicht schuld.<\/p>\n\n\n\n<p>M\u00e4rz<\/p>\n\n\n\n<p>Die Gigafactory in Brandenburg wird eingeweiht. Musk kommt auch vorbei, vermisst aber diesen niedlichen kleinen CDUler, der ihn letztes Mal noch nach Wasserstoff gefragt hatte. Wahrscheinlich, um seine Haare zu blondieren.<\/p>\n\n\n\n<p>Skandal beim Oscar: Will Smith ohrfeigt Chris Rock. Die Bestrafung folgt auf den Fu\u00df: er darf 10 Jahre keine Oscar-Verleihung mehr besuchen. Hoffen wir mal, dass es im n\u00e4chsten Jahr dann nicht zu viele Nachahmer gibt\u2026<\/p>\n\n\n\n<p>April<\/p>\n\n\n\n<p>Die Ukraine behauptet, dass russische Flagschiff Moskwa versenkt zu haben. Russland dementiert sofort: das k\u00f6nnen wir aber selbst. Wie vermutlich auch bei den Panzern.<\/p>\n\n\n\n<p>Musk will Twitter \u00fcbernehmen. Oder doch nicht. Oder vielleicht doch\u2026 oder\u2026 immerhin kann man alles bei Twitter verfolgen.<\/p>\n\n\n\n<p>Boris Becker wird verurteilt. In England. Verurteilt in England, weil er nicht mit Geld umgehen konnte und nicht als Investmentbanker arbeitete.<\/p>\n\n\n\n<p>Mai<\/p>\n\n\n\n<p>Okay, habs kapiert \u2013 jeder, der Putin nicht in den Kram passt, ist ein Nazi. Und irgendwo am Bosporus verdr\u00fcckt sich Erdogan ein kleines Tr\u00e4nchen und denkt sich: \u201eDer Junge hat von mir gelernt.\u201c<\/p>\n\n\n\n<p>Zusammenfassung: nachdem Merz da war, empf\u00e4ngt die Ukraine den Steinmeier \u2013 denn jetzt wissen sie, dass es schlimmeres gibt. Wobei: war Merz wegen schland da oder noch f\u00fcr Blackrock? Die haben w\u00e4hrend seiner Zeit in Atomwaffen investiert, da muss man mal gucken, was f\u00fcr die Aktien noch geht.<\/p>\n\n\n\n<p>Immerhin gewinnt die Ukraine den Eurovision Songcontest. Wobei man ehrlich sagen muss: die Ukraine h\u00e4tte auch gewonnen, wenn sie nur ein Furzkissen geschickt h\u00e4tte. Und noch ehrlicher: das h\u00e4tte vielleicht auch in den Jahren davor ausgereicht.<\/p>\n\n\n\n<p>In Texas erschie\u00dft ein Amokl\u00e4ufer 19 Schulkinder und 2 Lehrerinnen. H\u00e4tten die Waffen gehabt, w\u00e4re das nicht passiert. Die Reaktion ist wie immer: die Demokraten fordern h\u00e4rtere Waffengesetze, die Republikaner mehr Waffen und Donald Trump, dass Amokl\u00e4ufe offiziell als Folklore gelten.<\/p>\n\n\n\n<p>Pakistan und Indien leiden unter 40 Grad Hitze. Ist aber bestimmt nur Wetter.<\/p>\n\n\n\n<p>Dobrindt: das Schr\u00f6der-Portrait soll im Bundeskanzleramt abgeh\u00e4ngt werden! Dieser russische S\u00f6ldner! Sp\u00e4ter im Jahr h\u00e4tte es einen Kompromiss gegeben: ein paar Klimakleber h\u00e4tten das Portrait mit Kartoffelsalat bewerfen d\u00fcrfen. Oder Currywurst.<\/p>\n\n\n\n<p>Juni<\/p>\n\n\n\n<p>Mercedes ruft 1000000 Autos wegen Bremsproblemen zur\u00fcck. Die Werkst\u00e4tten bitten darum, schon vorher das Tempo zu drosseln. Vermutungen werden ge\u00e4u\u00dfert, es sei ein Feature \u2013 wegen der eingebauten Vorfahrt.<\/p>\n\n\n\n<p>Rechnerisch sinkt der Dieselpreis durch den Tankrabatt um 17 Cent. Praktisch sind es 5 Cent. Die FDP guckt kurz nach, ob der Markt kaputt ist.<\/p>\n\n\n\n<p>\u00d6zdemir \u00fcberlegt, ob man die Mehrwertsteuer auf Gem\u00fcse und Obst streichen k\u00f6nnte. Interessant, wie viele Gr\u00fcnde ich mittlerweile geh\u00f6rt habe, die dagegensprechen. Scheinen mehr Leute Benzin zu brauchen als Obst und Gem\u00fcse.<\/p>\n\n\n\n<p>Wer ist f\u00fcr eine Laufzeitverl\u00e4ngerung der letzten deutschen Atomkraftwerke und lehnt ein Atomm\u00fcllendlager in seinem Bundesland und in dessen N\u00e4he strikt ab? Wer mir den Namen Markus S\u00f6der zumailen kann, gewinnt einen Preis.<\/p>\n\n\n\n<p>Juli<\/p>\n\n\n\n<p>Wenn ich hier was \u00fcber Layla schreiben sollte, m\u00fcsste ich kotzen. Also die Simon&amp;Garfunkel-Variante: Lailalai. Lailalailalailalai. Nur so viel: interessant ist die Stille derjenigen, die das Lied Layla gegen jede Art von Verbot verteidigten (also das Verbot auf 2 Volksfesten), dann aber im Oktober vers\u00e4umten, das Lied \u201eOktoberfest\u201c von KIZ zu verteidigen, dass auch auf einem Volksfest (n\u00e4mlich dem Oktoberfest) nicht erw\u00fcnscht war.<\/p>\n\n\n\n<p>Wer wei\u00df das jetzt noch: gab \u00fcbrigens einen Streik in den NRW-Unikliniken. War eher uninteressant. Mit Klinikpersonal fliegt man nicht in den Urlaub. Und sie haben sich nicht auf den OP-Tischen festgeklebt.<\/p>\n\n\n\n<p>Lindner: \u201eDas 9 euro-ticket wird auch f\u00fcr unn\u00fctze Fahrten genutzt!\u201c Unn\u00fctze Fahrten \u2013 k\u00f6nnte mit einem Auto nicht passieren\u2026 ich habe einen Vorschlag: die Leute k\u00f6nnten selbstverantwortlich entscheiden, ob die Fahrt n\u00f6tig ist. Selbstverantwortung. Das gro\u00dfe Ding f\u00fcr die FDP, solange es ihr in den Kram passt.<\/p>\n\n\n\n<p>Der Rhein ist trocken. Die Bundesb\u00fcrger werden aufgefordert, Wasser nachzusch\u00fctten. Der Begriff Rheinschiffen kriegt eine ganz andere Bedeutung. Und das gute: ist nur Wetter.<\/p>\n\n\n\n<p>August<\/p>\n\n\n\n<p>Deutschland k\u00fcmmert sich endlich darum, wie man richtig duscht. Und Winnetou lebt! Er stand pl\u00f6tzlich putzmunter unter der Dusche. Karl May hatte nur getr\u00e4umt, dass er tot war.<\/p>\n\n\n\n<p>Boris Reitschuster f\u00fchlt sich entm\u00fcndigt, weil sein IKEA keine Pommes mehr anbietet. Frage ist, ob man bei jemanden, der seine Grundrechte dadurch beschr\u00e4nkt sieht, dass eine M\u00f6belladenfiliale eine Speise nicht mehr anbietet, tats\u00e4chlich mal \u00fcberpr\u00fcfen m\u00fcsste, ob er noch in der Lage ist, selbstst\u00e4ndig Entscheidungen zu treffen.<\/p>\n\n\n\n<p>Waldbr\u00e4nde in S\u00fcdeuropa. Ist aber nur wegen Wetter. Und teilweise wegen Idioten, die Zigaretten wegschmei\u00dfen.<\/p>\n\n\n\n<p>September<\/p>\n\n\n\n<p>Winnetou lebt, aber die Queen ist tot! Und hier zeigt sich endlich der weise Vorausblick der Engl\u00e4nder. Innerhalb der EU h\u00e4tte man jetzt f\u00fcr den Nachfolger eine europaweite Ausschreibung gebraucht. So konnten die Engl\u00e4nder kungeln und im Sinne der Vetternwirtschaft einfach den Sohn nehmen. Und man musste noch nicht mal den Kr\u00fcmmungsgrad seiner Gurke pr\u00fcfen\u2026<\/p>\n\n\n\n<p>Das Schlimmste ist der Queen nicht erspart geblieben \u2013 erst muss sie Johnson verabschieden, dann Liz Truss willkommen hei\u00dfen. Ich h\u00e4tte eigentlich erwartet, dass sie den Posten schmei\u00dft, zuerst zum Papst reist und p\u00e4ter mit ihm eine Herrenboutique in Wuppertal aufmacht. So kann man sich irren.<\/p>\n\n\n\n<p>Es lebe Charles III. Wir erinnern uns: Charles I verursachte mit dem Versuch einer absolutistischen Herrschaft den B\u00fcrgerkrieg und seine Enthauptung, Charles II soll ger\u00fcchteweise beim wilden Rumv\u00f6geln 350 Kinder gezeugt haben \u2013 allerdings kein einziges mit seiner Frau. Wir erwarten Gro\u00dfes.<\/p>\n\n\n\n<p>Ungarn ist laut Europaparlament keine Demokratie mehr. \u00dcberraschend. Falls demn\u00e4chst noch rauskommt, dass die AfD rechtsradikal ist und in der katholischen Kirche Missbrauchsf\u00e4lle\u2026<\/p>\n\n\n\n<p>Dass Kubickis hei\u00dfe Luft zum W\u00e4rmen des Bundestags genutzt werden soll, ist ja eine alte Nummer. Im Bedarfsfall will man jetzt noch einen S\u00f6der dazustellen.<\/p>\n\n\n\n<p>Putin l\u00e4utet eine Teilmobilmachung ein. Dabei hat er doch noch immer keinen Krieg, nur einen milit\u00e4rischen Misserfolg. Tschuldigung: milit\u00e4rische Spezialoperation.<\/p>\n\n\n\n<p>Nordstream kriegt L\u00f6cher. Es waren die Russen, Engl\u00e4nder, Amerikaner, Holl\u00e4nder, Norweger, Polen\u2026. Vielleicht auch Au\u00dferirdische. Nur nicht Deutsche, denn es war Pr\u00e4zisionsarbeit. Aber vielleicht war es doch Olaf Scholz sein Doppelwums?<\/p>\n\n\n\n<p>Oktober<\/p>\n\n\n\n<p>Merz redet gegen den Sozialtourismus durch Ukrainer. Mir macht eher der Asozialtourismus bei den rechtsliegenden Bundestagssitzen Angst.<\/p>\n\n\n\n<p>Es steckt viel Wahrheit in der \u00dcberschrift \u201eMerz: R\u00fcckschlag f\u00fcr die CDU\u201c nach der Niedersachsenwahl. Dagegen sind bei \u201eHat die FDP ein Ampel-Problem?\u201c 2 Hauptw\u00f6rter versehentlich vertauscht worden. Christian Lindner weint nach der Wahlniederlage in Niedersachsen, dass eigentlich die Ampel Verluste gemacht hat, dass es dabei nur die arme FDP besonders getroffen hat. Auf der Metaebene ist das so voll konsequent FDP: Gewinne privatisieren, Verluste sozialisieren.<\/p>\n\n\n\n<p>Schlimmste Herbstt\u00fcrme seit 100 Jahren auf Kreta. Ist aber nur Wetter.<\/p>\n\n\n\n<p>Proteste im Iran. Gut, die fingen im September an. Aber die Bundesregierung hat halt ein bisschen gebraucht, um es zu bemerken.<\/p>\n\n\n\n<p>Sabotage bei der Bahn. Mitten in den Herbstferien fahren viele Z\u00fcge nicht. Oder wie Vielreisende wissen: Normal.<\/p>\n\n\n\n<p>Anti-\u00d6l-Aktivisten bewerfen van Goghs Sonnenblumen mit Tomatensuppe. L\u00e4cherlich. Das Gem\u00e4lde ist nur 84 Millionen wert. Die Deepwater Horizon \u00d6lkatastrophe brachte es auf der anderen Seite auf \u00fcber 62 Milliarden Dollar Umweltschaden. David Umwelt gegen Goliath \u00d6lmulti\u2026<\/p>\n\n\n\n<p>Liz Truss tritt ab, muss verabschiedet und vernachfolgert werden. Hat die Queen doch alles richtig gemacht.<\/p>\n\n\n\n<p>Der Oktober war der drittw\u00e4rmste seit 1881. Ist aber nur Wetter.<\/p>\n\n\n\n<p>November<\/p>\n\n\n\n<p>Klimaaktivisten kleben sich in den Verkehr. Ein Rettungsfahrzeug kommt im Stau nicht rechtzeitig zum Patienten. Sperrt sie weg! Auf der anderen Seite kriegen pro Tag auf deutschen Autobahnen Hunderte von Autofahrern keine Rettungsgasse hin und Tausende behindern durch Falschparken: k\u00f6nnen wir die mitwegsperren? Auf der A9 mussten Rettungskr\u00e4fte zu Fu\u00df zum Unfall traben, weil Autofahrer keinen vorlassen wollten. Wo war da die KSK, um einfach mal alle falschstehenden zu verhaften?<\/p>\n\n\n\n<p>WM in Katar. Man h\u00e4tte dar\u00fcber diskutieren k\u00f6nnen, wie weit wir als Land mit Katar zusammenarbeiten wollen. Wo sind unsere Grenzen? Stattdessen sprachen wir dar\u00fcber, ob m\u00e4nnliche Fu\u00dfballer Binden tragen d\u00fcrfen. Unsere Diskussionskultur l\u00e4uft aus. Da brauchen wir Binden.<\/p>\n\n\n\n<p>Und wer verurteilt Klimakleber und beschlie\u00dft das Verbot f\u00fcr Gendern in Th\u00fcringen? Das sind AfD und CDU\/CSU, die Hand in Hand dem Weltuntergang entgegengehen.<\/p>\n\n\n\n<p>Schwere Unwetter in Italien. Ist aber nur Wetter.<\/p>\n\n\n\n<p>Doch ein gro\u00dfer Schock naht &#8211; Nancy Faeser macht ernst: sie will gegen organisierte Kriminalit\u00e4t vorgehen. Sind Kardinal Woelki, Markus S\u00f6der und Fritze Merz schon in Panik? Aber nein, sie meinte im<\/p>\n\n\n\n<p>Dezember<\/p>\n\n\n\n<p>Ein paar Reichsb\u00fcrger werden verhaftet, weil sie den Umsturz planten. Sie hatten sogar schon Waffen besorgt. Das klingt dann doch etwas schlimmer als die Klimakleber, vor denen gewarnt wurde, weil sie sich ja radikalisieren k\u00f6nnten und schlimmeres als Sekundenkleber benutzen k\u00f6nnten. Zweikomponentenkleber oder so. Doch die CDU und die AfD schweigen zu den Umsturzpl\u00e4nen\u2026&nbsp;&nbsp;&nbsp;&nbsp;<\/p>\n\n\n\n<p>\u201eZeitenwende\u201c ist das Wort des Jahres 2022. Wenn wir jetzt noch eine Zeitenwende hinkriegen w\u00fcrden\u2026 &nbsp;<\/p>\n","protected":false},"excerpt":{"rendered":"<p>Januar Die Ampel regiert. Nicht nur meine Stra\u00dfen\u00fcberquerung, sondern das ganze Land. Und wir merken gleich: nicht rot bremst, sondern gelb. M\u00fcssen wir auf den Stra\u00dfen mal umstellen. Impfpflicht: Ja! Nein! Doch! Nein! Doch! Nein! Doch! Kubicki! Und schon verloren. Impflicht dann doch nur f\u00fcr Pflegekr\u00e4fte. Zumindest die, die sich nicht wehren. Und f\u00fcr alle, &hellip; <a href=\"https:\/\/www.palandun.de\/index.php\/2022\/12\/30\/jahresrueckblick-2022\/\" class=\"more-link\"><span class=\"screen-reader-text\">\u201eJahresr\u00fcckblick 2022\u201c <\/span>weiterlesen<\/a><\/p>\n","protected":false},"author":2,"featured_media":0,"comment_status":"closed","ping_status":"closed","sticky":false,"template":"","format":"standard","meta":{"footnotes":""},"categories":[2],"tags":[],"class_list":["post-1135","post","type-post","status-publish","format-standard","hentry","category-satire"],"_links":{"self":[{"href":"https:\/\/www.palandun.de\/index.php\/wp-json\/wp\/v2\/posts\/1135","targetHints":{"allow":["GET"]}}],"collection":[{"href":"https:\/\/www.palandun.de\/index.php\/wp-json\/wp\/v2\/posts"}],"about":[{"href":"https:\/\/www.palandun.de\/index.php\/wp-json\/wp\/v2\/types\/post"}],"author":[{"embeddable":true,"href":"https:\/\/www.palandun.de\/index.php\/wp-json\/wp\/v2\/users\/2"}],"replies":[{"embeddable":true,"href":"https:\/\/www.palandun.de\/index.php\/wp-json\/wp\/v2\/comments?post=1135"}],"version-history":[{"count":1,"href":"https:\/\/www.palandun.de\/index.php\/wp-json\/wp\/v2\/posts\/1135\/revisions"}],"predecessor-version":[{"id":1136,"href":"https:\/\/www.palandun.de\/index.php\/wp-json\/wp\/v2\/posts\/1135\/revisions\/1136"}],"wp:attachment":[{"href":"https:\/\/www.palandun.de\/index.php\/wp-json\/wp\/v2\/media?parent=1135"}],"wp:term":[{"taxonomy":"category","embeddable":true,"href":"https:\/\/www.palandun.de\/index.php\/wp-json\/wp\/v2\/categories?post=1135"},{"taxonomy":"post_tag","embeddable":true,"href":"https:\/\/www.palandun.de\/index.php\/wp-json\/wp\/v2\/tags?post=1135"}],"curies":[{"name":"wp","href":"https:\/\/api.w.org\/{rel}","templated":true}]}}