{"id":1171,"date":"2023-05-26T19:20:38","date_gmt":"2023-05-26T19:20:38","guid":{"rendered":"https:\/\/www.palandun.de\/?p=1171"},"modified":"2023-05-13T19:20:57","modified_gmt":"2023-05-13T19:20:57","slug":"verstand-und-demokratie","status":"publish","type":"post","link":"https:\/\/www.palandun.de\/index.php\/2023\/05\/26\/verstand-und-demokratie\/","title":{"rendered":"Verstand und Demokratie"},"content":{"rendered":"\n<p>Kommentare im Internet sind h\u00e4ufig so belastend, weil sie bar jedes Wissens und jeder Vernunft sind und nur einer Ideologie oder den eigenen Vorurteilen folgen. Das ist \u00fcbrigens nix neues \u2013 das Internet bringt einfach nur die Geschwindigkeit und den Verbreitungsgrad. Fr\u00fcher blieb der Idiot im Dorf.<\/p>\n\n\n\n<p>In der Demokratie sind wir eigentlich sehr stark von Verstand und Teilnahme abh\u00e4ngig. Und scheitern regelm\u00e4\u00dfig. \u201eDer sieht so adrett aus, den w\u00e4hle ich\u201c oder \u201eIch habe mich damit noch nicht besch\u00e4ftigt, aber das ist doch alles viel zu teuer.\u201c Oder \u201eDie Gr\u00fcnen sind schuld! An der Inflation! (In allen L\u00e4ndern der Erde gleichzeitig\u2026)\u201c<\/p>\n\n\n\n<p>Wie k\u00f6nnen wir die Qualit\u00e4t der Beitr\u00e4ge eigentlich erh\u00f6hen?<\/p>\n\n\n\n<p>Wir haben seit 70 Jahren eine Bildungsmisere und m\u00fcssten uns langsam entscheiden: entweder m\u00fcssen wir jedem Bundesb\u00fcrger sehr gute Bildung erm\u00f6glichen \u2013 bessere als bisher &#8211; oder wir m\u00fcssen einfach sagen: ein gewisser Teil ist zu doof, dem geben wir gar keine Bildung \u2013 dann kann er auch nix mehr schreiben und ist auch zu doof, um sich bei Instagram einen Account zu besorgen und zu nerven. Ist nur schwierig, diese Gruppen zu bilden, denn in jeder Bev\u00f6lkerungsschicht gibt es Kinder, die gerne lernen wollen \u2013 und die, die es nicht wollen, haben es auch vielfach nicht im Blut, sondern lernen das von anderen.<\/p>\n\n\n\n<p>Es ist noch in anderer Hinsicht wichtig: wir \u2013 hiermit meine ich Deutschland \u2013 verlieren gerade sehr stark an Boden, indem wir uns nicht an unseren fr\u00fcheren Kompetenzen orientieren. Einfach mal Dinge besser als andere machen w\u00e4re generell eine gute Idee&#8230;<\/p>\n","protected":false},"excerpt":{"rendered":"<p>Kommentare im Internet sind h\u00e4ufig so belastend, weil sie bar jedes Wissens und jeder Vernunft sind und nur einer Ideologie oder den eigenen Vorurteilen folgen. Das ist \u00fcbrigens nix neues \u2013 das Internet bringt einfach nur die Geschwindigkeit und den Verbreitungsgrad. Fr\u00fcher blieb der Idiot im Dorf. In der Demokratie sind wir eigentlich sehr stark &hellip; <a href=\"https:\/\/www.palandun.de\/index.php\/2023\/05\/26\/verstand-und-demokratie\/\" class=\"more-link\"><span class=\"screen-reader-text\">\u201eVerstand und Demokratie\u201c <\/span>weiterlesen<\/a><\/p>\n","protected":false},"author":2,"featured_media":0,"comment_status":"closed","ping_status":"closed","sticky":false,"template":"","format":"standard","meta":{"footnotes":""},"categories":[15],"tags":[],"class_list":["post-1171","post","type-post","status-publish","format-standard","hentry","category-nachdenkliches"],"_links":{"self":[{"href":"https:\/\/www.palandun.de\/index.php\/wp-json\/wp\/v2\/posts\/1171","targetHints":{"allow":["GET"]}}],"collection":[{"href":"https:\/\/www.palandun.de\/index.php\/wp-json\/wp\/v2\/posts"}],"about":[{"href":"https:\/\/www.palandun.de\/index.php\/wp-json\/wp\/v2\/types\/post"}],"author":[{"embeddable":true,"href":"https:\/\/www.palandun.de\/index.php\/wp-json\/wp\/v2\/users\/2"}],"replies":[{"embeddable":true,"href":"https:\/\/www.palandun.de\/index.php\/wp-json\/wp\/v2\/comments?post=1171"}],"version-history":[{"count":1,"href":"https:\/\/www.palandun.de\/index.php\/wp-json\/wp\/v2\/posts\/1171\/revisions"}],"predecessor-version":[{"id":1172,"href":"https:\/\/www.palandun.de\/index.php\/wp-json\/wp\/v2\/posts\/1171\/revisions\/1172"}],"wp:attachment":[{"href":"https:\/\/www.palandun.de\/index.php\/wp-json\/wp\/v2\/media?parent=1171"}],"wp:term":[{"taxonomy":"category","embeddable":true,"href":"https:\/\/www.palandun.de\/index.php\/wp-json\/wp\/v2\/categories?post=1171"},{"taxonomy":"post_tag","embeddable":true,"href":"https:\/\/www.palandun.de\/index.php\/wp-json\/wp\/v2\/tags?post=1171"}],"curies":[{"name":"wp","href":"https:\/\/api.w.org\/{rel}","templated":true}]}}