{"id":1216,"date":"2023-09-27T19:21:00","date_gmt":"2023-09-27T19:21:00","guid":{"rendered":"https:\/\/www.palandun.de\/?p=1216"},"modified":"2023-08-23T13:22:09","modified_gmt":"2023-08-23T13:22:09","slug":"atomkraft-umfragen","status":"publish","type":"post","link":"https:\/\/www.palandun.de\/index.php\/2023\/09\/27\/atomkraft-umfragen\/","title":{"rendered":"Atomkraft-Umfragen"},"content":{"rendered":"\n<p>Ich hasse Fakten. Ich wollte eigentlich folgendes schreiben:<\/p>\n\n\n\n<p>Interessant ist, wie wenig tats\u00e4chlich Fakten die Meinung der Bev\u00f6lkerung und die Handlung der Politik beeinflussen \u2013 sondern eher die Mischung aus pers\u00f6nlicher Uninformiertheit gepaart mit dem gesp\u00fcrten pers\u00f6nlichen Impact.<\/p>\n\n\n\n<p>Der Meinung bin ich \u00fcbrigens weiterhin.<\/p>\n\n\n\n<p>Gerade weil Markus S\u00f6der das B\u00fcrgergeld ablehnt, weil die Leidenden unter dem B\u00fcrgergeld diejenigen w\u00e4ren, die wenig verdienen w\u00fcrden wie Friseure und Busfahrer. Anders gesagt: man darf Leuten, die nicht arbeiten, nicht mehr Geld geben, weil sie damit nicht angemessen mehr leiden als diejenigen, die arbeiten gehen.<\/p>\n\n\n\n<p>Und eine Menge Leute wird auf das S\u00f6dergew\u00e4sch reinfallen, da es seit Jahrzehnten funktioniert, diejenigen gegeneinander auszuspielen, die alle nicht so viel haben.<\/p>\n\n\n\n<p>Aber zur\u00fcck zum Thema: ich wollte eigentlich schreiben, dass Anfang des Jahres 86% der Deutschen f\u00fcr Atomkraft sind \u2013 Ende 2021 waren es noch 43%. (Achtung: die Zahlen sind nicht ganz vergleichbar, da unterschiedliche Fragestellung und unterschiedliche Institute \u2013 aber die Tendenz ist schon recht klar) Und da wollte ich auch erw\u00e4hnen, dass nach Fukushima ja genau das Gegenteil passiert ist \u2013 die Zustimmung h\u00e4tte rapide abgenommen. Dummerweise habe ich aber jetzt gesehen, dass tats\u00e4chlich das Verh\u00e4ltnis der Deutschen zu Atomkraft sich damals gar nicht so sehr ge\u00e4ndert hat \u2013 die meisten waren schon vor Fukushima keine Akw-Bef\u00fcrworter\u2026 Ge\u00e4ndert hat sich damals eher die Meinung der CDU-Spitze\u2026<\/p>\n\n\n\n<p>Und eigentlich wollte ich urspr\u00fcnglich auf was anderes hinaus, n\u00e4mlich das man anhand dessen vielleicht auch den Brexit verstehen kann \u2013 gezielte Desinformation mit gef\u00fchltem pers\u00f6nlichen Impact\u2026<\/p>\n","protected":false},"excerpt":{"rendered":"<p>Ich hasse Fakten. Ich wollte eigentlich folgendes schreiben: Interessant ist, wie wenig tats\u00e4chlich Fakten die Meinung der Bev\u00f6lkerung und die Handlung der Politik beeinflussen \u2013 sondern eher die Mischung aus pers\u00f6nlicher Uninformiertheit gepaart mit dem gesp\u00fcrten pers\u00f6nlichen Impact. Der Meinung bin ich \u00fcbrigens weiterhin. Gerade weil Markus S\u00f6der das B\u00fcrgergeld ablehnt, weil die Leidenden unter &hellip; <a href=\"https:\/\/www.palandun.de\/index.php\/2023\/09\/27\/atomkraft-umfragen\/\" class=\"more-link\"><span class=\"screen-reader-text\">\u201eAtomkraft-Umfragen\u201c <\/span>weiterlesen<\/a><\/p>\n","protected":false},"author":2,"featured_media":0,"comment_status":"closed","ping_status":"closed","sticky":false,"template":"","format":"standard","meta":{"footnotes":""},"categories":[2],"tags":[],"class_list":["post-1216","post","type-post","status-publish","format-standard","hentry","category-satire"],"_links":{"self":[{"href":"https:\/\/www.palandun.de\/index.php\/wp-json\/wp\/v2\/posts\/1216","targetHints":{"allow":["GET"]}}],"collection":[{"href":"https:\/\/www.palandun.de\/index.php\/wp-json\/wp\/v2\/posts"}],"about":[{"href":"https:\/\/www.palandun.de\/index.php\/wp-json\/wp\/v2\/types\/post"}],"author":[{"embeddable":true,"href":"https:\/\/www.palandun.de\/index.php\/wp-json\/wp\/v2\/users\/2"}],"replies":[{"embeddable":true,"href":"https:\/\/www.palandun.de\/index.php\/wp-json\/wp\/v2\/comments?post=1216"}],"version-history":[{"count":1,"href":"https:\/\/www.palandun.de\/index.php\/wp-json\/wp\/v2\/posts\/1216\/revisions"}],"predecessor-version":[{"id":1217,"href":"https:\/\/www.palandun.de\/index.php\/wp-json\/wp\/v2\/posts\/1216\/revisions\/1217"}],"wp:attachment":[{"href":"https:\/\/www.palandun.de\/index.php\/wp-json\/wp\/v2\/media?parent=1216"}],"wp:term":[{"taxonomy":"category","embeddable":true,"href":"https:\/\/www.palandun.de\/index.php\/wp-json\/wp\/v2\/categories?post=1216"},{"taxonomy":"post_tag","embeddable":true,"href":"https:\/\/www.palandun.de\/index.php\/wp-json\/wp\/v2\/tags?post=1216"}],"curies":[{"name":"wp","href":"https:\/\/api.w.org\/{rel}","templated":true}]}}