{"id":1245,"date":"2023-10-28T22:00:09","date_gmt":"2023-10-28T22:00:09","guid":{"rendered":"https:\/\/www.palandun.de\/?p=1245"},"modified":"2023-11-03T22:00:30","modified_gmt":"2023-11-03T22:00:30","slug":"palaestina","status":"publish","type":"post","link":"https:\/\/www.palandun.de\/index.php\/2023\/10\/28\/palaestina\/","title":{"rendered":"Pal\u00e4stina"},"content":{"rendered":"\n<p>Eigentlich ist das doch recht einfach:<\/p>\n\n\n\n<p>Der Staat Israel erf\u00fcllt nicht die Erwartungen, die wir an einen modernen, westlichen Staat haben. Sowas wie Umgang mit Andersreligi\u00f6sen, Frauen, LGQTB zum Beispiel.<\/p>\n\n\n\n<p>Der Nicht-Staat Pal\u00e4stina erf\u00fcllt nicht die Erwartungen, die wir an einen modernen, westlichen Staat haben. Sowas wie Umgang mit Andersreligi\u00f6sen, Frauen, LGQTB zum Beispiel.<\/p>\n\n\n\n<p>Der <a><\/a>Staat Deutschland erf\u00fcllt nicht die Erwartungen, die wir an einen modernen, westlichen Staat haben. Sowas wie Umgang mit Andersreligi\u00f6sen, Frauen, LGQTB zum Beispiel. (Immerhin: wir sind da glaube ich ein bisschen weiter als viele andere.)<\/p>\n\n\n\n<p>Die Gruppe der Juden und die Gruppe der Israelis sind nicht deckungsgleich. Das wird in der Diskussion auch gerne vergessen. Sehr gerne \u00fcbrigens auch von Israelischen Regierungen, wenn es ihnen in den Kram passt. Oder von manchen Juden, wenn es ihnen in den Kram passt. Und von vielen Nichtuden und nichtisraelis, wenn es ihnen in den Kram passt.<\/p>\n\n\n\n<p>Die Menge der Pal\u00e4stinenser und der Muslime sind nicht deckungsgleich. Das wird in der Diskussion auch gerne vergessen. Sehr gerne \u00fcbrigens auch von der Pal\u00e4stinenserregierung, wenn es ihnen in den Kram passt. Oder von manchen Muslimen, wenn es ihnen in den Kram passt. Und von vielen Nichtmuslimen und Nichtpal\u00e4stinensern, wenn es ihnen in den Kram passt.<\/p>\n\n\n\n<p>Die Hamas ist nicht gut f\u00fcr die Pal\u00e4stinenser. Sie sind einfach eine Terrororganisation, unter der auch die Pal\u00e4stinenser leiden, die auch bei den eigenen Landsleuten nicht vor Terror zur\u00fcckschreckt, die eigene Landsleute auch gerne mal als Schutzschild mi\u00dfbraucht.<\/p>\n\n\n\n<p>Es gibt keine L\u00f6sung in der Israel-Pal\u00e4stina-Frage, die den Gro\u00dfteil der Menschen auf beiden Seiten zufriedenstellen wird.<\/p>\n\n\n\n<p>Wenn in Deutschland nicht so viele Menschen zu Demonstrationen gehen gegen Antisemitismus als gegen anderen Themen, ist das normal \u2013 denn sie betrifft das nicht. Wenn man selbst betroffen ist, ist die Motivation gr\u00f6\u00dfer.<\/p>\n\n\n\n<p>Wenn aber in Deutschland Leute Juden hassen und\/oder ihnen Gewalt androhen oder antun, dann sind sie einfach nur Arschl\u00f6cher. Egal ob sie selbst Deutsche sind oder nicht.<\/p>\n\n\n\n<p>Ist doch einfach, oder?<\/p>\n","protected":false},"excerpt":{"rendered":"<p>Eigentlich ist das doch recht einfach: Der Staat Israel erf\u00fcllt nicht die Erwartungen, die wir an einen modernen, westlichen Staat haben. Sowas wie Umgang mit Andersreligi\u00f6sen, Frauen, LGQTB zum Beispiel. Der Nicht-Staat Pal\u00e4stina erf\u00fcllt nicht die Erwartungen, die wir an einen modernen, westlichen Staat haben. Sowas wie Umgang mit Andersreligi\u00f6sen, Frauen, LGQTB zum Beispiel. Der &hellip; <a href=\"https:\/\/www.palandun.de\/index.php\/2023\/10\/28\/palaestina\/\" class=\"more-link\"><span class=\"screen-reader-text\">\u201ePal\u00e4stina\u201c <\/span>weiterlesen<\/a><\/p>\n","protected":false},"author":2,"featured_media":0,"comment_status":"closed","ping_status":"closed","sticky":false,"template":"","format":"standard","meta":{"footnotes":""},"categories":[2],"tags":[],"class_list":["post-1245","post","type-post","status-publish","format-standard","hentry","category-satire"],"_links":{"self":[{"href":"https:\/\/www.palandun.de\/index.php\/wp-json\/wp\/v2\/posts\/1245","targetHints":{"allow":["GET"]}}],"collection":[{"href":"https:\/\/www.palandun.de\/index.php\/wp-json\/wp\/v2\/posts"}],"about":[{"href":"https:\/\/www.palandun.de\/index.php\/wp-json\/wp\/v2\/types\/post"}],"author":[{"embeddable":true,"href":"https:\/\/www.palandun.de\/index.php\/wp-json\/wp\/v2\/users\/2"}],"replies":[{"embeddable":true,"href":"https:\/\/www.palandun.de\/index.php\/wp-json\/wp\/v2\/comments?post=1245"}],"version-history":[{"count":1,"href":"https:\/\/www.palandun.de\/index.php\/wp-json\/wp\/v2\/posts\/1245\/revisions"}],"predecessor-version":[{"id":1246,"href":"https:\/\/www.palandun.de\/index.php\/wp-json\/wp\/v2\/posts\/1245\/revisions\/1246"}],"wp:attachment":[{"href":"https:\/\/www.palandun.de\/index.php\/wp-json\/wp\/v2\/media?parent=1245"}],"wp:term":[{"taxonomy":"category","embeddable":true,"href":"https:\/\/www.palandun.de\/index.php\/wp-json\/wp\/v2\/categories?post=1245"},{"taxonomy":"post_tag","embeddable":true,"href":"https:\/\/www.palandun.de\/index.php\/wp-json\/wp\/v2\/tags?post=1245"}],"curies":[{"name":"wp","href":"https:\/\/api.w.org\/{rel}","templated":true}]}}