{"id":125,"date":"2009-09-15T20:27:00","date_gmt":"2009-09-15T20:27:00","guid":{"rendered":"https:\/\/www.palandun.de\/?p=125"},"modified":"2020-02-26T20:28:14","modified_gmt":"2020-02-26T20:28:14","slug":"ich-bin-lyss-von-corinna-vanvlodorp","status":"publish","type":"post","link":"https:\/\/www.palandun.de\/index.php\/2009\/09\/15\/ich-bin-lyss-von-corinna-vanvlodorp\/","title":{"rendered":"Ich bin Lyss (von Corinna Vanvlodorp)"},"content":{"rendered":"\n<p>\nEs spricht die Seherin im Namen der Lyss: <\/p>\n\n\n\n<p>Ich bin Lyss, Tochter Thalans. <br>Mein Vater ist der Herr \u00fcber den Kreislauf des Seins. <br>An seiner Seite wache ich \u00fcber die Welt der Sterblichen. <\/p>\n\n\n\n<p>Ich bin die Mutter der Gnade. <br>Ich gebiete \u00fcber den Tau und den fruchtbringenden Regen. <br>Die Kinder Thalans beten zu mir, <br>denn ich erbarme mich der Starken und der Schwachen. <br>Und alle gehen durch meine H\u00e4nde ein in die Welt. <br>Ich bin die Herrin \u00fcber die Liebe. <\/p>\n\n\n\n<p>Zart und zerbrechlich ist das Geschlecht der Menschen, <br>hilflos preisgegeben dem W\u00fcten des Sturms. <br>\u00c4ngstlich und verloren sind sie in den Weiten Urs<br>wie Treibgut im Ozean. <br>Sie f\u00fcrchten den Namen Thalans, ihres Sch\u00f6pfers. <br>Ich aber bringe die Hoffnung zur\u00fcck in ihre Herzen. <br>Trost und Hilfe sende ich Euch, <br>ihr sterblichen Kinder meines allm\u00e4chtigen Vaters.<br>G\u00fcte und Tapferkeit lege ich in Eure Wiegen, <br>dass Ihr das Leid \u00fcberwindet. <\/p>\n\n\n\n<p>So segne ich die mutigen und die \u00e4ngstlichen, <br>die m\u00e4chtigen und die elenden, <br>die auserw\u00e4hlten und jene, die verloren sind. <br>Denn die Liebe ist die einzige Hoffnung im Angesicht des Schattens. <br>Sie sch\u00fctzt vor der Verlockung des B\u00f6sen.<br><br>Das Schwert richtet sich leicht gegen seinen Tr\u00e4ger. <br>Die Liebe aber ist ohne Falsch. <br>Unbeugsam hofft, wer die Liebe Thalans gesp\u00fcrt hat. <br>Ihr inneres Licht leuchtet noch in den F\u00e4ngen des Todes. <br>Das dunkle Feuer kann nicht verbrennen,<br>was von der Liebe erf\u00fcllt ist. <\/p>\n\n\n\n<p>Sch\u00f6n sind meine Kinder im Angesicht der Liebe. <br>Sie straucheln, aber sie fallen nicht. <br>Und wo sie fallen, richte ich sie wieder auf. <br>Sie bringen das Licht in die Dunkelheit. <br>Keine Macht kann sie fesseln, <br>denn meine Macht \u00fcberwindet den Schrecken <br>und weist dem Tod seine Grenzen. <\/p>\n\n\n\n<p>Wie ich um jene trauere, die sich abgewandt haben von mir, <br>so nehme ich jene freudig auf, die zu mir zur\u00fcck kehren. <br>Ich tr\u00f6ste sie in meinen Armen und erf\u00fclle sie mit neuem Leben. <br>Sie werden in meinem Namen den Feind \u00fcberwinden. <\/p>\n\n\n\n<p>Denn ich bin Lyss, die Herrin \u00fcber das Leben. <br>Meine Gegenwart ist die Hoffnung, mein Mantel die Liebe. <br>Mein Ruf bringt Vergebung und Gnade.&nbsp; \n                \t\t\t\t\t              \n\n<\/p>\n","protected":false},"excerpt":{"rendered":"<p>Es spricht die Seherin im Namen der Lyss: Ich bin Lyss, Tochter Thalans. Mein Vater ist der Herr \u00fcber den Kreislauf des Seins. An seiner Seite wache ich \u00fcber die Welt der Sterblichen. Ich bin die Mutter der Gnade. Ich gebiete \u00fcber den Tau und den fruchtbringenden Regen. Die Kinder Thalans beten zu mir, denn &hellip; <a href=\"https:\/\/www.palandun.de\/index.php\/2009\/09\/15\/ich-bin-lyss-von-corinna-vanvlodorp\/\" class=\"more-link\"><span class=\"screen-reader-text\">\u201eIch bin Lyss (von Corinna Vanvlodorp)\u201c <\/span>weiterlesen<\/a><\/p>\n","protected":false},"author":2,"featured_media":0,"comment_status":"open","ping_status":"closed","sticky":false,"template":"","format":"standard","meta":{"footnotes":""},"categories":[12],"tags":[],"class_list":["post-125","post","type-post","status-publish","format-standard","hentry","category-religion"],"_links":{"self":[{"href":"https:\/\/www.palandun.de\/index.php\/wp-json\/wp\/v2\/posts\/125","targetHints":{"allow":["GET"]}}],"collection":[{"href":"https:\/\/www.palandun.de\/index.php\/wp-json\/wp\/v2\/posts"}],"about":[{"href":"https:\/\/www.palandun.de\/index.php\/wp-json\/wp\/v2\/types\/post"}],"author":[{"embeddable":true,"href":"https:\/\/www.palandun.de\/index.php\/wp-json\/wp\/v2\/users\/2"}],"replies":[{"embeddable":true,"href":"https:\/\/www.palandun.de\/index.php\/wp-json\/wp\/v2\/comments?post=125"}],"version-history":[{"count":1,"href":"https:\/\/www.palandun.de\/index.php\/wp-json\/wp\/v2\/posts\/125\/revisions"}],"predecessor-version":[{"id":126,"href":"https:\/\/www.palandun.de\/index.php\/wp-json\/wp\/v2\/posts\/125\/revisions\/126"}],"wp:attachment":[{"href":"https:\/\/www.palandun.de\/index.php\/wp-json\/wp\/v2\/media?parent=125"}],"wp:term":[{"taxonomy":"category","embeddable":true,"href":"https:\/\/www.palandun.de\/index.php\/wp-json\/wp\/v2\/categories?post=125"},{"taxonomy":"post_tag","embeddable":true,"href":"https:\/\/www.palandun.de\/index.php\/wp-json\/wp\/v2\/tags?post=125"}],"curies":[{"name":"wp","href":"https:\/\/api.w.org\/{rel}","templated":true}]}}