{"id":1278,"date":"2024-02-29T20:06:00","date_gmt":"2024-02-29T20:06:00","guid":{"rendered":"https:\/\/www.palandun.de\/?p=1278"},"modified":"2024-03-23T06:02:20","modified_gmt":"2024-03-23T06:02:20","slug":"gesammeltes-februar-2024","status":"publish","type":"post","link":"https:\/\/www.palandun.de\/index.php\/2024\/02\/29\/gesammeltes-februar-2024\/","title":{"rendered":"Gesammeltes Februar 2024"},"content":{"rendered":"\n<p>Leitspruch einer bekannten Stadt im westlichen Ruhrgebiet: &#8222;Duisburg ist echt\u201c. Und alle mir bekannten Duisburger warten nur drauf, dass jemand \u201eScheisse\u201c dahinterschreibt&#8230;<\/p>\n\n\n\n<p>Ich habe jetzt mal viele Mittel ausgewertet, die gegen Depressionen helfen sollen bis hin zur Teufelsaustreibung und bin zur Erkenntnis gekommen, dass tats\u00e4chlich nur eine einzige Sache 100% hilft: das Gl\u00fcck, keine Depression zu bekommen.<\/p>\n\n\n\n<p>Merz ist Christ. Einer der bekanntesten Spr\u00fcche des Christentums &#8211; \u201eLiebe deinen N\u00e4chsten, wie dich selbst\u201c w\u00fcrde bedeuten, dass man sich mit anderen Menschen besch\u00e4ftigen m\u00fcsste, versuchen m\u00fcsste, sie zu verstehen. Merz w\u00e4hlte schon lange einen Short Cut: am n\u00e4chsten zu sich selbst ist halt Merz.<\/p>\n\n\n\n<p>100 Leute spazieren skandierend durch die Gegend: \u201eDas ist das Volk!\u201c AfD: \u201eja, das ist das Volk!\u201c<\/p>\n\n\n\n<p>100000e Leute protestieren gegen die Ansichten der AfD: \u201eJa, aber 83 Mio sind nicht auf die Stra\u00dfe gegangen.\u201c<\/p>\n\n\n\n<p>Vermutlich irgendwas Hom\u00f6opathisches. 83 Mio auf 1 Mio hat noch nicht die richtige Potenz, auf 100 runter wird es was.<\/p>\n\n\n\n<p>Beim generischen Maskulinum sind Frauen mitgemeint. Interessanter klingt das ins deutsche \u00fcbersetzt:<\/p>\n\n\n\n<p>\u201eBeim allgemeing\u00fcltigen m\u00e4nnlichen Geschlecht sind Frauen mitgemeint.\u201c<\/p>\n\n\n\n<p>Das ist glaube ich das gleiche wie \u201eDeutsche sind reich. Arme sind da mitgemeint.\u201c<\/p>\n\n\n\n<p>Interessant: bei der Nachwahl in Berlin holten laut Spiegel die Gr\u00fcnen ungef\u00e4hr gleich viel Stimmen wie beim letzten Mal, SPD und FDP fuhren starke Verluste ein. Bin mal gespannt, wann der erste aus FDP-Spitze wieder erkl\u00e4rt, dass da Ampel daran schuld ist (und insgeheim damit sagen will: also wir sind nicht schuld &#8211; sind die beiden anderen).<\/p>\n\n\n\n<p>Seit Wochen meckern die Haupt-Oppositionsparteien \u2013 FDP, CDU\/CSU \u2013 dar\u00fcber, dass Habeck zur Wirtschaftsf\u00f6rderung Schulden machen will.<\/p>\n\n\n\n<p>Das geht \u00fcberhaupt nicht.<\/p>\n\n\n\n<p>Stattdessen hat die CDU\/CSU eine Idee: weniger Abgaben f\u00fcr Firmen z.B. Damit weniger Einnahmen. Der Clou: keine Schulden! Denn das wird ja alles ausgeglichen durch die h\u00f6heren Einnahmen.<\/p>\n\n\n\n<p><a><\/a>Witzigerweise m\u00f6chte Habeck ja auch mit den Ma\u00dfnahmen erreichen, dass h\u00f6here Einnahmen erreicht werden, mit denen man die Schulden dann wieder abbezahlen kann.<\/p>\n\n\n\n<p>Anders gesagt: die CDU\/CSU spielt da einfach mal Gl\u00fcckspiel \u2013 wird schon passen.<\/p>\n\n\n\n<p>Hingegen der Tatsache, dass es nicht empirisch haltbar ist, dass Steuersenkungen sich selbst finanzieren w\u00fcrden.<\/p>\n\n\n\n<p>Die Gr\u00fcnen hingegen weisen das Risiko aus bzw. arbeiten mit den Mindereinnahmen.<\/p>\n\n\n\n<p>Und wieder stelle ich mir die Frage: wer verdammt noch mal ist denn da der ideologisch verblendete Traumt\u00e4nzer?<\/p>\n\n\n\n<p>Gl\u00fccklicherweise muss ich nicht entscheiden, ob Toni Kroos wieder f\u00fcr Deutschland spielen soll.<\/p>\n\n\n\n<p>Mir f\u00e4llt nur auf, wie viele Leute meinen, dass er eine Wurst ist und nur Querp\u00e4sse kann \u2013 und auf der anderen Seite ist er bei einem der erfolgreichsten Vereine der Welt seit 10 Jahren Stammspieler. Gut, dass die bei Real so doof sind, ihn immer einzusetzen \u2013 sonst w\u00e4ren sie ja unschlagbar gewesen.<\/p>\n\n\n\n<p>Hupen ist innerorts nur dann erlaubt, wenn es als Warnzeichen eingesetzt wird. Genauer: &#8222;Schall- und Leuchtzeichen darf nur geben, wer \u2026 wer sich oder andere gef\u00e4hrdet sieht.\u201c Tats\u00e4chlich wollen Autofahrer allerdings h\u00e4ufiger auf sich und ihre Bed\u00fcrfnisse aufmerksam machen.<\/p>\n\n\n\n<p>Da ich allerdings diese Autofahrer h\u00e4ufig als Gef\u00e4hrdung betrachte, kann man im Sinne von \u201erules as written\u201c ihnen recht sehe \u2013 jedoch nicht als \u201erules as intended\u201c.<\/p>\n\n\n\n<p>Leute regen sich auf, weil das N-Wort bei der Neuauflage von Jim Knopf vermieden wird. Vorschlag: sie lesen sich das Buch in der neuen Version mal durch und sagen dann, an welcher Stelle es fehlte.<\/p>\n\n\n\n<p>Als besonders witzig betrachte ich dabei die tatsache, dass gerade beim N-wort der Sprecher (Herr \u00c4rmel) nicht besonders positiv dargestellt wird.<\/p>\n\n\n\n<p>Und ich frage mich, was passiert, wenn die Kritiker bemerken, dass viele B\u00fccher immer wieder leicht angepasst werden &#8211; einschlie\u00dflich der Lutherbibel. Vielleicht ein alternativer Anfang: &#8222;Am Anfang war das Wort&#8230; wir \u00fcbersetzen die Worte nur immer wieder anders.&#8220;<\/p>\n\n\n\n<p><div class=\"xdj266r x11i5rnm xat24cr x1mh8g0r x1vvkbs x126k92a\" style=\"margin: 0px; white-space: pre-wrap; overflow-wrap: break-word; font-family: &quot;Segoe UI Historic&quot;, &quot;Segoe UI&quot;, Helvetica, Arial, sans-serif; color: rgb(5, 5, 5); font-size: 15px; font-style: normal; font-variant-ligatures: normal; font-variant-caps: normal; font-weight: 400; letter-spacing: normal; orphans: 2; text-align: left; text-indent: 0px; text-transform: none; widows: 2; word-spacing: 0px; -webkit-text-stroke-width: 0px; background-color: rgb(255, 255, 255); text-decoration-thickness: initial; text-decoration-style: initial; text-decoration-color: initial;\"><div dir=\"auto\" style=\"font-family: inherit; text-align: start;\">Noch was in eigener Sache: ich find es im Nachhinein gro\u00dfartig, dass Ursula von der Leyen nach Br\u00fcssel gegangen ist. Alternativ fielen mir ein:<\/div><div dir=\"auto\" style=\"font-family: inherit; text-align: start;\">* Corona-Krise mit ihr als Gesundheitsministerin<\/div><div dir=\"auto\" style=\"font-family: inherit; text-align: start;\">* Russlands Angriff auf die Ukraine mit ihr als Verteidigungsministerin<\/div><div dir=\"auto\" style=\"font-family: inherit; text-align: start;\">* oder vielleicht alles in den letzten Jahren mit ihr als Kanzlerin?<\/div><\/div><div class=\"x11i5rnm xat24cr x1mh8g0r x1vvkbs xtlvy1s x126k92a\" style=\"margin: 0.5em 0px 0px; white-space: pre-wrap; overflow-wrap: break-word; font-family: &quot;Segoe UI Historic&quot;, &quot;Segoe UI&quot;, Helvetica, Arial, sans-serif; color: rgb(5, 5, 5); font-size: 15px; font-style: normal; font-variant-ligatures: normal; font-variant-caps: normal; font-weight: 400; letter-spacing: normal; orphans: 2; text-align: left; text-indent: 0px; text-transform: none; widows: 2; word-spacing: 0px; -webkit-text-stroke-width: 0px; background-color: rgb(255, 255, 255); text-decoration-thickness: initial; text-decoration-style: initial; text-decoration-color: initial;\"><div dir=\"auto\" style=\"font-family: inherit; text-align: start;\"><span style=\"font-family: inherit;\"><a tabindex=\"-1\" style=\"color: rgb(56, 88, 152); cursor: pointer; text-decoration: none; font-family: inherit;\"><\/a><\/span>Ursula von der Leyen ist unsere n\u00e4chste Stufe von &#8222;Gewinne privatisieren, Verluste sozialisieren&#8220;: &#8222;Verluste europ\u00e4risieren, Gewinne&#8230; da \u00fcberlegen wir uns was, wenn es soweit ist&#8220;.<\/div><\/div><\/p>\n\n\n\n<p>Ich habe mal eine Theorie zur Klimawandelleugnung bzw. zur mangelhaften Bek\u00e4mpfung des Klimawandels: in ein paar Jahren wird es zu einem neuen &#8222;Das haben wir nicht gewusst&#8220; gefolgt von einem &#8222;Warum habt ihr nix dagegen getan?&#8220;<\/p>\n\n\n\n<p>Die EU wird keine verpflichtenden Fahrt\u00fcchtigkeits\u00fcberpr\u00fcfungen von Senioren einf\u00fchren. Volker Wissing begr\u00fcndet das damit, dass die Fahrer eigenverantwortlich entscheiden sollen.<\/p>\n\n\n\n<p>Und das, meine Damen und Herren, das ist ein rein ideologische Begr\u00fcndung. Also das, was man den Gr\u00fcnen immer vorwirft. Man h\u00e4tte es auch Fakten heranziehen k\u00f6nnen. Aber es reicht Volker Wissing aus, die Eigenverantwortung zu nennen.<\/p>\n\n\n\n<p>By the way kann man das dann auch noch hinterfragen: wenn Volker <a><\/a>Wissing daf\u00fcr ist, dass Autofahrer eigenverantwortlich entscheiden \u2013 warum eigentlich F\u00fchrerscheinpr\u00fcfungen? Oder Alkoholkontrollen? Auch diese beschneiden die Eigenverantwortung.<\/p>\n\n\n\n<p>(Disclaimer: ich bin sogar begeisterter Anh\u00e4nger von Eigenverantwortung \u2013 ich bin mir nur nie sicher, ob der Teil \u201cverantwortung\u201d auch von FDP-Politikern verstanden wird)<\/p>\n","protected":false},"excerpt":{"rendered":"<p>Leitspruch einer bekannten Stadt im westlichen Ruhrgebiet: &#8222;Duisburg ist echt\u201c. Und alle mir bekannten Duisburger warten nur drauf, dass jemand \u201eScheisse\u201c dahinterschreibt&#8230; Ich habe jetzt mal viele Mittel ausgewertet, die gegen Depressionen helfen sollen bis hin zur Teufelsaustreibung und bin zur Erkenntnis gekommen, dass tats\u00e4chlich nur eine einzige Sache 100% hilft: das Gl\u00fcck, keine Depression &hellip; <a href=\"https:\/\/www.palandun.de\/index.php\/2024\/02\/29\/gesammeltes-februar-2024\/\" class=\"more-link\"><span class=\"screen-reader-text\">\u201eGesammeltes Februar 2024\u201c <\/span>weiterlesen<\/a><\/p>\n","protected":false},"author":2,"featured_media":0,"comment_status":"closed","ping_status":"closed","sticky":false,"template":"","format":"standard","meta":{"footnotes":""},"categories":[6],"tags":[],"class_list":["post-1278","post","type-post","status-publish","format-standard","hentry","category-in-kuerze"],"_links":{"self":[{"href":"https:\/\/www.palandun.de\/index.php\/wp-json\/wp\/v2\/posts\/1278","targetHints":{"allow":["GET"]}}],"collection":[{"href":"https:\/\/www.palandun.de\/index.php\/wp-json\/wp\/v2\/posts"}],"about":[{"href":"https:\/\/www.palandun.de\/index.php\/wp-json\/wp\/v2\/types\/post"}],"author":[{"embeddable":true,"href":"https:\/\/www.palandun.de\/index.php\/wp-json\/wp\/v2\/users\/2"}],"replies":[{"embeddable":true,"href":"https:\/\/www.palandun.de\/index.php\/wp-json\/wp\/v2\/comments?post=1278"}],"version-history":[{"count":3,"href":"https:\/\/www.palandun.de\/index.php\/wp-json\/wp\/v2\/posts\/1278\/revisions"}],"predecessor-version":[{"id":2512,"href":"https:\/\/www.palandun.de\/index.php\/wp-json\/wp\/v2\/posts\/1278\/revisions\/2512"}],"wp:attachment":[{"href":"https:\/\/www.palandun.de\/index.php\/wp-json\/wp\/v2\/media?parent=1278"}],"wp:term":[{"taxonomy":"category","embeddable":true,"href":"https:\/\/www.palandun.de\/index.php\/wp-json\/wp\/v2\/categories?post=1278"},{"taxonomy":"post_tag","embeddable":true,"href":"https:\/\/www.palandun.de\/index.php\/wp-json\/wp\/v2\/tags?post=1278"}],"curies":[{"name":"wp","href":"https:\/\/api.w.org\/{rel}","templated":true}]}}