{"id":2523,"date":"2024-05-31T16:46:00","date_gmt":"2024-05-31T16:46:00","guid":{"rendered":"https:\/\/www.palandun.de\/?p=2523"},"modified":"2024-05-19T08:32:43","modified_gmt":"2024-05-19T08:32:43","slug":"gesammeltes-mai-2024","status":"publish","type":"post","link":"https:\/\/www.palandun.de\/index.php\/2024\/05\/31\/gesammeltes-mai-2024\/","title":{"rendered":"Gesammeltes Mai 2024"},"content":{"rendered":"\n<p>Zeiten \u00e4ndern sich\u2026 habe im Museum Werbung f\u00fcr Rundfunkger\u00e4te gesehen. Auff\u00e4llig war, dass mehrfach \u201cVerlangen Sie von ihrem H\u00e4ndler\u201d (z.B. Testvorf\u00fchrung) geschrieben stand \u2013 w\u00fcrde heute keine Firma mehr schreiben. Wenn \u00fcberhaupt, w\u00fcrde man \u201cbitten Sie\u201d schreiben. Und ich finde das gut.<\/p>\n\n\n\n<p>Warum sprechen wir \u2013 wobei \u201ewir\u201c da haupts\u00e4chlich die FDP ist &#8211; eigentlich noch immer von \u201eRente mit 63\u201c, wenn diese momentan \u201eRente mit 64 und 4 Monaten\u201c ist und sich j\u00e4hrlich um einen weiteren Monat erh\u00f6ht, bis sie eine Rente mit 65 ist?<\/p>\n\n\n\n<p><\/p>\n\n\n\n<p>Bin mal gespannt, ob Polygamie in dem Moment erlaubt wird, in der jemand eine Zweit- und Drittfrausteuer erfindet.<\/p>\n\n\n\n<p><\/p>\n\n\n\n<p>\u201eIch habe einen Abend \u00fcber die Verbrechen der katholischen Kirche gesehen.\u201c \u201eDas ist erstaunlich. Nur ein Abend und keine Serie? Vielleicht w\u00fcrde sich sogar eine Liveschalte lohnen.\u201c<\/p>\n\n\n\n<p><\/p>\n\n\n\n<p>Die Kirche l\u00e4sst ein neues Navi programmieren. Nach Rom? Fahren sie einfach los. Links, rechts, geradeaus? Egal. Alle Wege f\u00fchren nach Rom.<\/p>\n\n\n\n<p><\/p>\n\n\n\n<p>Ich habe noch nie herausgefunden, wie man es geschafft, Gutmensch als Beleidigung zu etablieren. Was ist denn die Aussage daran? \u201eDu versuchst ein guter Mensch zu sein. Ich schaffe noch nicht mal das. Deswegen hasse ich dich.\u201c?<\/p>\n\n\n\n<p><\/p>\n\n\n\n<p>George Orwell war sehr menschenfreundlich. Er ging noch davon aus, dass man f\u00fcr Falschinformationsverteilung sich anstrengen muss. Z.B. Donald Trump zeigt: vollkommen unn\u00f6tig. Behaupten reicht.<\/p>\n\n\n\n<p><\/p>\n\n\n\n<p>Seltsam: bekomme Mail, wie ich \u201ein 2 Minuten zur eigenen Photovoltaik-Anlage\u201c komme. Bin aber in Walldorf und brauche ca. 10 Minuten nach Hause. Die Spammer sind sowas von verpeilt\u2026<\/p>\n\n\n\n<p><\/p>\n\n\n\n<p>Aussagen von AfDlern wird widersprochen. \u201eMan verbietet uns was zu sagen. Zensur!\u201c<\/p>\n\n\n\n<p>Menschen haben unterschiedliche Meinung zur AfD: \u201eWir m\u00fcssen auch dar\u00fcber nachdenken, Leute mit deutscher Staatsangeh\u00f6rigkeit auszuweisen, wenn sie unterschiedliche Meinung haben\u201c<\/p>\n\n\n\n<p>Die FDP m\u00f6chte Jobverweigerern sofort die Bez\u00fcge um 30% k\u00fcrzen. Das ist erstmal verst\u00e4ndlich &#8211; die FDP m\u00f6chte endlich mal mit den Worten &#8222;30 Prozent&#8220; in einem Satz genannt werden. Dennoch stellt sich die Frage, ob die 30 Prozent-Bezugsk\u00fcrzung auch f\u00fcr Herrn Wissing gelten soll, der seinen Job irgendwie auch nicht gemacht hat. Oder reicht antreten?<\/p>\n\n\n\n<p>Wer dreht mit mir einen Werbespot? Heynckes, Klopp und Streich sitzen am Tisch und spielen Skat. &#8211; Schnitt. &#8211; Uli Hoene\u00df versucht verzweifelt jemanden anzurufen. &#8211; Schnitt zur\u00fcck. &#8211; \u201eO2. Brauchen Sie ein Funkloch, kriegen Sie ein Funkloch.\u201c<\/p>\n\n\n\n<p>Schlechte Wortwitze f\u00fcr Rollenspieler:<\/p>\n\n\n\n<p>Minotauren sind gute Bildhauer und Maler. Sie lieben die Kuhunst. Muhsik geht auch.<\/p>\n\n\n\n<p>Es hei\u00dft Wetter, weil wir \u00fcbers Wetter wettern.<\/p>\n\n\n\n<p>Deutschland bekommt einen Veteranentag. Veteran ist jemand, der die Bundeswehrkantine \u00fcberlebt hat.<\/p>\n\n\n\n<p>Frage: welcher Fl\u00fcgel wird eigentlich bei der AfD gewinnen \u2013 der chinesische oder der russische?<\/p>\n\n\n\n<p>F\u00fcr <a><\/a>die AfD-W\u00e4hler: sie brauchen nicht Anfang Juni ihre Stimme abgeben, es reicht im September 2026 bei der russischen Duma-Wahl.<\/p>\n\n\n\n<p>Tipp f\u00fcr alle, die auf der Arbeitsstelle in (nervige und unsinnige) Diskussionen verstrickt werden, wer denn jetzt schuld sein: die Aussage \u201eDie Schuldfrage ist seit 1945 gekl\u00e4rt\u201c beendet solche Diskussionen schlagartig. F\u00fcr euch mehrfach ausprobiert.<\/p>\n\n\n\n<p>Deutschland fragt sich: wer ist schuld daran, dass Wahlhelfer angegriffen werden?<\/p>\n\n\n\n<p>Es gibt nicht einen Grund. Aber es gibt da einen Aiwanger, der bei Frau Maischberger Islamisten, Rechtsradikale, Linksextremisten und Gr\u00fcne in einem Atemzug nennt und beschuldigt. Und genau solche Leute wie der Aiwanger (oder der S\u00f6der) sind das Problem. Leute, die mit immerw\u00e4hrender Hetzer gegen den politischen Gegner das Klima vergiften.<\/p>\n\n\n\n<p>Es ist vollkommen in Ordnung, wenn Herr Aiwanger <a><\/a>politisch anderer Meinung ist als die Gr\u00fcnen. Aber wenn er und sein CSU-Kompagnon sie stetig als Gruppe angreift, dann sorgt das nicht f\u00fcr eine angenehme Stimmung, sondern f\u00fcr Hass.<\/p>\n\n\n\n<p>Auf der anderen Seite: es ist auch seine einzige Chance, gegen Dinge zu wettern. Mit eigenen Inhalten kann er einfach nicht punkten.<\/p>\n\n\n\n<p><div dir=\"auto\" style=\"font-family: &quot;Segoe UI Historic&quot;, &quot;Segoe UI&quot;, Helvetica, Arial, sans-serif; color: rgb(5, 5, 5); font-size: 15px; font-style: normal; font-variant-ligatures: normal; font-variant-caps: normal; font-weight: 400; letter-spacing: normal; orphans: 2; text-indent: 0px; text-transform: none; widows: 2; word-spacing: 0px; -webkit-text-stroke-width: 0px; white-space: pre-wrap; background-color: rgb(255, 255, 255); text-decoration-thickness: initial; text-decoration-style: initial; text-decoration-color: initial; text-align: start;\"><\/div><div dir=\"auto\" style=\"font-family: &quot;Segoe UI Historic&quot;, &quot;Segoe UI&quot;, Helvetica, Arial, sans-serif; color: rgb(5, 5, 5); font-size: 15px; font-style: normal; font-variant-ligatures: normal; font-variant-caps: normal; font-weight: 400; letter-spacing: normal; orphans: 2; text-indent: 0px; text-transform: none; widows: 2; word-spacing: 0px; -webkit-text-stroke-width: 0px; white-space: pre-wrap; background-color: rgb(255, 255, 255); text-decoration-thickness: initial; text-decoration-style: initial; text-decoration-color: initial; text-align: start;\"><\/div><\/p>\n\n\n\n<p>Das irritierende an der laut STERN-Bericht geforderten D\u00f6nerpreisbremse der Linken ist nicht, dass die Idee bei der PARTEI geklaut wurde.<\/p>\n\n\n\n<p>Das Irritierende ist, dass das Problem \u201eauch Leute mit wenig Geld m\u00fcssen an gesundes, nahrhaftes Essen kommen\u201c mit \u201eFast Food muss billig bleiben\u201c beantwortet wird \u2013 von einer der Parteien, die sogar noch mit am meisten an \u00e4rmere Mitb\u00fcrger denkt.<\/p>\n\n\n\n<p>Bei wichtigen Themen kriege ich hin und wieder \u201eGuck doch mal, wem das was nutzt?\u201c von anderen Diskussionsteilnehmern. Und dann h\u00e4ufig einen Verweis auf die BILD, die als einzige doch sinnvoll berichtet. Aber warum berichtet BILD eigentlich auff\u00e4llig FossilEnergie-orientiert und regenerative Energie-kritisch?<\/p>\n\n\n\n<p>Kann ich nat\u00fcrlich nicht genau sagen. Aber wenn man das \u201ewem nutzt es\u201c betrachtet, dann f\u00e4llt mir auf: 42,5% von Springer (genauer: Axel Springer Verlag) und damit BILD geh\u00f6rt dem Investor KKR. Laut der KKR-Webseite: The KKR Energy Real Assets (\u201cKKR ERA\u201d) platform has been especially active in oil and gas since inception of the KKR Energy Income and Growth Fund I portfolio<\/p>\n\n\n\n<p>Es w\u00fcrde also einem der Haupteigent\u00fcmer vielleicht nutzen\u2026<\/p>\n\n\n\n<p>\u201eDie jungen Leute wollen nicht so viel arbeiten! Die sind aber faul!\u201c Was sagt eigentlich das statistische Bundesamt dazu? Tats\u00e4chlich ist die Teilzeitquote bei j\u00fcngeren Leuten weitaus geringer als bei \u00e4lteren. Gibt sicherlich Gr\u00fcnde daf\u00fcr \u2013 Pflege von Noch-\u00c4lteren, Geht k\u00f6rperlich nicht mehr, und so? Na ja, der Grund \u201eIch m\u00f6chte einfach nicht so viel arbeiten\u201c wird bei \u00e4lteren sehr h\u00e4ufig angegeben. (<a href=\"https:\/\/www.destatis.de\/DE\/Presse\/Pressemitteilungen\/2024\/04\/PD24_N017_13.html?fbclid=IwZXh0bgNhZW0CMTAAAR38z6fJ4tckiNrkQEJYt-jTkk61qSuah6zVre8u7owGx1pVdMP8w-vC7s4_aem_AYFIlLg3nvxUDWDjtiS_KIJM8MBekTnNZxJkX82YM38zC8NLYpzv_0Qa2S-nidDi-MhEhH9LyaVLDNSw0qA6K3Bk\" target=\"_blank\" rel=\"noreferrer noopener\">https:\/\/www.destatis.de\/&#8230;\/Pre&#8230;\/2024\/04\/PD24_N017_13.html<\/a>)<\/p>\n\n\n\n<p>Tja, wir \u00e4lteren sind halt faul. (wobei: ich bin noch kurz vor diesen \u00e4lteren, ich bin noch in der &#8222;Die Kinder!!!&#8220;-Altersgruppe)<\/p>\n\n\n\n<p>Ich sende dann mal an alle fr\u00f6hliche Gr\u00fc\u00dfe aus der Teilzeit. Und verrate fieserweise nicht, aus welchen Gr\u00fcnden ich eigentlich in Teilzeit war\/bin. Gibt und gab \u00fcbrigens mehrere. (Wobei: &#8222;wir haben genug Einkommen&#8220; ist schon eine Randbedingung) Ist halt h\u00e4ufig alles nicht so einfach wie bei pauschalen Abwertungen von anderen Bev\u00f6lkerungsgruppen.<\/p>\n","protected":false},"excerpt":{"rendered":"<p>Zeiten \u00e4ndern sich\u2026 habe im Museum Werbung f\u00fcr Rundfunkger\u00e4te gesehen. Auff\u00e4llig war, dass mehrfach \u201cVerlangen Sie von ihrem H\u00e4ndler\u201d (z.B. Testvorf\u00fchrung) geschrieben stand \u2013 w\u00fcrde heute keine Firma mehr schreiben. Wenn \u00fcberhaupt, w\u00fcrde man \u201cbitten Sie\u201d schreiben. Und ich finde das gut. Warum sprechen wir \u2013 wobei \u201ewir\u201c da haupts\u00e4chlich die FDP ist &#8211; eigentlich &hellip; <a href=\"https:\/\/www.palandun.de\/index.php\/2024\/05\/31\/gesammeltes-mai-2024\/\" class=\"more-link\"><span class=\"screen-reader-text\">\u201eGesammeltes Mai 2024\u201c <\/span>weiterlesen<\/a><\/p>\n","protected":false},"author":2,"featured_media":0,"comment_status":"closed","ping_status":"closed","sticky":false,"template":"","format":"standard","meta":{"footnotes":""},"categories":[1],"tags":[],"class_list":["post-2523","post","type-post","status-publish","format-standard","hentry","category-uncategorized"],"_links":{"self":[{"href":"https:\/\/www.palandun.de\/index.php\/wp-json\/wp\/v2\/posts\/2523","targetHints":{"allow":["GET"]}}],"collection":[{"href":"https:\/\/www.palandun.de\/index.php\/wp-json\/wp\/v2\/posts"}],"about":[{"href":"https:\/\/www.palandun.de\/index.php\/wp-json\/wp\/v2\/types\/post"}],"author":[{"embeddable":true,"href":"https:\/\/www.palandun.de\/index.php\/wp-json\/wp\/v2\/users\/2"}],"replies":[{"embeddable":true,"href":"https:\/\/www.palandun.de\/index.php\/wp-json\/wp\/v2\/comments?post=2523"}],"version-history":[{"count":3,"href":"https:\/\/www.palandun.de\/index.php\/wp-json\/wp\/v2\/posts\/2523\/revisions"}],"predecessor-version":[{"id":2547,"href":"https:\/\/www.palandun.de\/index.php\/wp-json\/wp\/v2\/posts\/2523\/revisions\/2547"}],"wp:attachment":[{"href":"https:\/\/www.palandun.de\/index.php\/wp-json\/wp\/v2\/media?parent=2523"}],"wp:term":[{"taxonomy":"category","embeddable":true,"href":"https:\/\/www.palandun.de\/index.php\/wp-json\/wp\/v2\/categories?post=2523"},{"taxonomy":"post_tag","embeddable":true,"href":"https:\/\/www.palandun.de\/index.php\/wp-json\/wp\/v2\/tags?post=2523"}],"curies":[{"name":"wp","href":"https:\/\/api.w.org\/{rel}","templated":true}]}}