{"id":2580,"date":"2024-11-20T17:54:00","date_gmt":"2024-11-20T17:54:00","guid":{"rendered":"https:\/\/www.palandun.de\/?p=2580"},"modified":"2024-11-20T15:21:01","modified_gmt":"2024-11-20T15:21:01","slug":"die-gruenen-und-meine-kueche","status":"publish","type":"post","link":"https:\/\/www.palandun.de\/index.php\/2024\/11\/20\/die-gruenen-und-meine-kueche\/","title":{"rendered":"Die Gr\u00fcnen und meine K\u00fcche"},"content":{"rendered":"\n<p>Habe was neues gelernt: Die Gr\u00fcnen sind schuld an der Energiewende. Denn die haben das initiiert! (was nicht ganz falsch ist &#8211; wobei: da gab es in der Schr\u00f6der noch eine zweite beteiligte Partei, die keiner mehr kennt&#8230;)<\/p>\n\n\n\n<p>Tja, nur umgesetzt hat es haupts\u00e4chlich die CDU\/CSU mit wechselnden Partnern.<\/p>\n\n\n\n<p>Und hat es in 10 Jahren nicht f\u00fcr n\u00f6tig befunden, sich ausreichend um die notwendige Verteilung des Stroms zu k\u00fcmmern. Garniert wurde das mit dem Altmaier-Knick f\u00fcr Solar und der Gabriel-Flaute f\u00fcr Windkraft.<\/p>\n\n\n\n<p>Aber die Gr\u00fcnen sind schuld.<\/p>\n\n\n\n<p>Mal zum Vergleich:<\/p>\n\n\n\n<p>Da sagt meine Frau: unsere K\u00fcche ist alt.<\/p>\n\n\n\n<p>Ich sage: ach n\u00f6.<\/p>\n\n\n\n<p>Irgendwann entscheide ich mich schnell um, als die Mikrowelle wegen Altersschw\u00e4che beinahe explodiert.<\/p>\n\n\n\n<p>Ich kaufe eine K\u00fcche.<\/p>\n\n\n\n<p>Aber ich vergesse dabei den Herd. Und die Arbeitsplatte.<\/p>\n\n\n\n<p>Daf\u00fcr kaufe ich bei meinem Spezi 20 High-End-Eierk\u00f6pfer.<\/p>\n\n\n\n<p>Installieren soll die K\u00fcche \u00fcbrigens jemand anderes, darum k\u00fcmmere ich mich nicht.<\/p>\n\n\n\n<p>Schuld hat aber meine Frau, die wollte eine neue K\u00fcche.<\/p>\n\n\n\n<p>Hmm, eigentlich kann ich damit leben.<\/p>\n","protected":false},"excerpt":{"rendered":"<p>Habe was neues gelernt: Die Gr\u00fcnen sind schuld an der Energiewende. Denn die haben das initiiert! (was nicht ganz falsch ist &#8211; wobei: da gab es in der Schr\u00f6der noch eine zweite beteiligte Partei, die keiner mehr kennt&#8230;) Tja, nur umgesetzt hat es haupts\u00e4chlich die CDU\/CSU mit wechselnden Partnern. Und hat es in 10 Jahren &hellip; <a href=\"https:\/\/www.palandun.de\/index.php\/2024\/11\/20\/die-gruenen-und-meine-kueche\/\" class=\"more-link\"><span class=\"screen-reader-text\">\u201eDie Gr\u00fcnen und meine K\u00fcche\u201c <\/span>weiterlesen<\/a><\/p>\n","protected":false},"author":2,"featured_media":0,"comment_status":"closed","ping_status":"closed","sticky":false,"template":"","format":"standard","meta":{"footnotes":""},"categories":[1],"tags":[],"class_list":["post-2580","post","type-post","status-publish","format-standard","hentry","category-uncategorized"],"_links":{"self":[{"href":"https:\/\/www.palandun.de\/index.php\/wp-json\/wp\/v2\/posts\/2580","targetHints":{"allow":["GET"]}}],"collection":[{"href":"https:\/\/www.palandun.de\/index.php\/wp-json\/wp\/v2\/posts"}],"about":[{"href":"https:\/\/www.palandun.de\/index.php\/wp-json\/wp\/v2\/types\/post"}],"author":[{"embeddable":true,"href":"https:\/\/www.palandun.de\/index.php\/wp-json\/wp\/v2\/users\/2"}],"replies":[{"embeddable":true,"href":"https:\/\/www.palandun.de\/index.php\/wp-json\/wp\/v2\/comments?post=2580"}],"version-history":[{"count":2,"href":"https:\/\/www.palandun.de\/index.php\/wp-json\/wp\/v2\/posts\/2580\/revisions"}],"predecessor-version":[{"id":2592,"href":"https:\/\/www.palandun.de\/index.php\/wp-json\/wp\/v2\/posts\/2580\/revisions\/2592"}],"wp:attachment":[{"href":"https:\/\/www.palandun.de\/index.php\/wp-json\/wp\/v2\/media?parent=2580"}],"wp:term":[{"taxonomy":"category","embeddable":true,"href":"https:\/\/www.palandun.de\/index.php\/wp-json\/wp\/v2\/categories?post=2580"},{"taxonomy":"post_tag","embeddable":true,"href":"https:\/\/www.palandun.de\/index.php\/wp-json\/wp\/v2\/tags?post=2580"}],"curies":[{"name":"wp","href":"https:\/\/api.w.org\/{rel}","templated":true}]}}