{"id":2602,"date":"2024-11-25T07:03:14","date_gmt":"2024-11-25T07:03:14","guid":{"rendered":"https:\/\/www.palandun.de\/?p=2602"},"modified":"2024-12-18T07:04:31","modified_gmt":"2024-12-18T07:04:31","slug":"die-bundeswahlleiterin","status":"publish","type":"post","link":"https:\/\/www.palandun.de\/index.php\/2024\/11\/25\/die-bundeswahlleiterin\/","title":{"rendered":"Die Bundeswahlleiterin"},"content":{"rendered":"\n<p>Merz: Neuwahlen, Neuwahlen, Neuwahlen<\/p>\n\n\n\n<p>Bundeswahlleiterin: das ist keine gute Idee, das \u00fcber die Feiertage zu organisieren<\/p>\n\n\n\n<p>Merz: Aber ich m\u00f6chte doch heute schon die Macht<\/p>\n\n\n\n<p>Resultat: Shitstorm gegen Bundeswahlleiterin, die vor zu schnellen Wahlen warnt. Die CDU braust auf. Parteipolitische Vereinnahmung und so. Kurz darauf dann der Berliner Wahlleiter: \u201eHallo, ich sehe da auch Probleme.\u201c Und die Berliner kennen Probleme bei Wahlen\u2026<\/p>\n\n\n\n<p>Mal abgesehen davon, dass es peinlich ist, dass wir es nicht hinkriegen, in kurzer Zeit Wahlen durchzuziehen. Wie peinlich ist es eigentlich, wenn die CDU es schon nicht f\u00fcr n\u00f6tig h\u00e4lt, auf Experten zu h\u00f6ren, wenn sie noch nicht an der Macht sind.<\/p>\n\n\n\n<p>Na ja, immerhin haben wir danach sehr schnell stabilere Verh\u00e4ltnisse. Siehe Sachsen nach der Wahl. Siehe 2017, als CDU und SPD nach noch nicht mal 6 Monaten eine Koalition zusammengekl\u00f6ppelt haben.<\/p>\n\n\n\n<p>Bei der Bewertung der Groko 17-21 und der Ampel 21-24 w\u00fcrde ich auch die Leistung der Ampel als weitaus gr\u00f6\u00dfer bewerten \u2013 trotz der ganzen Streitereien\u2026<\/p>\n","protected":false},"excerpt":{"rendered":"<p>Merz: Neuwahlen, Neuwahlen, Neuwahlen Bundeswahlleiterin: das ist keine gute Idee, das \u00fcber die Feiertage zu organisieren Merz: Aber ich m\u00f6chte doch heute schon die Macht Resultat: Shitstorm gegen Bundeswahlleiterin, die vor zu schnellen Wahlen warnt. Die CDU braust auf. Parteipolitische Vereinnahmung und so. Kurz darauf dann der Berliner Wahlleiter: \u201eHallo, ich sehe da auch Probleme.\u201c &hellip; <a href=\"https:\/\/www.palandun.de\/index.php\/2024\/11\/25\/die-bundeswahlleiterin\/\" class=\"more-link\"><span class=\"screen-reader-text\">\u201eDie Bundeswahlleiterin\u201c <\/span>weiterlesen<\/a><\/p>\n","protected":false},"author":2,"featured_media":0,"comment_status":"closed","ping_status":"closed","sticky":false,"template":"","format":"standard","meta":{"footnotes":""},"categories":[6],"tags":[],"class_list":["post-2602","post","type-post","status-publish","format-standard","hentry","category-in-kuerze"],"_links":{"self":[{"href":"https:\/\/www.palandun.de\/index.php\/wp-json\/wp\/v2\/posts\/2602","targetHints":{"allow":["GET"]}}],"collection":[{"href":"https:\/\/www.palandun.de\/index.php\/wp-json\/wp\/v2\/posts"}],"about":[{"href":"https:\/\/www.palandun.de\/index.php\/wp-json\/wp\/v2\/types\/post"}],"author":[{"embeddable":true,"href":"https:\/\/www.palandun.de\/index.php\/wp-json\/wp\/v2\/users\/2"}],"replies":[{"embeddable":true,"href":"https:\/\/www.palandun.de\/index.php\/wp-json\/wp\/v2\/comments?post=2602"}],"version-history":[{"count":1,"href":"https:\/\/www.palandun.de\/index.php\/wp-json\/wp\/v2\/posts\/2602\/revisions"}],"predecessor-version":[{"id":2603,"href":"https:\/\/www.palandun.de\/index.php\/wp-json\/wp\/v2\/posts\/2602\/revisions\/2603"}],"wp:attachment":[{"href":"https:\/\/www.palandun.de\/index.php\/wp-json\/wp\/v2\/media?parent=2602"}],"wp:term":[{"taxonomy":"category","embeddable":true,"href":"https:\/\/www.palandun.de\/index.php\/wp-json\/wp\/v2\/categories?post=2602"},{"taxonomy":"post_tag","embeddable":true,"href":"https:\/\/www.palandun.de\/index.php\/wp-json\/wp\/v2\/tags?post=2602"}],"curies":[{"name":"wp","href":"https:\/\/api.w.org\/{rel}","templated":true}]}}