{"id":2729,"date":"2025-11-30T09:00:10","date_gmt":"2025-11-30T09:00:10","guid":{"rendered":"https:\/\/www.palandun.de\/?p=2729"},"modified":"2025-12-05T08:44:02","modified_gmt":"2025-12-05T08:44:02","slug":"gesammeltes-november-2025","status":"publish","type":"post","link":"https:\/\/www.palandun.de\/index.php\/2025\/11\/30\/gesammeltes-november-2025\/","title":{"rendered":"Gesammeltes November 2025"},"content":{"rendered":"\n<p>Atomkraftwerke sind eine gute Idee. Zeigt sich auch darin, dass Bauschutt von Biblis in unseren Kreis gebracht werden soll und es dagegen starken Widerstand gibt. Motto: wenn der Nachbarkreis schon das Atomkraftwerk f\u00fcr uns alle betreibt, soll er auch den M\u00fcll behalten.<\/p>\n\n\n\n<p>Atomkraftwerke sind eine gute Idee, wenn sie bei jemand anderem stehen.<\/p>\n\n\n\n<p><\/p>\n\n\n\n<p>Man sollte bei Cancel Culture nicht vergessen, dass Heiner Gei\u00dfler damals geschafft hat, im Rundfunkrat durchzusetzen, dass Schweinchen Dick nicht mehr gezeigt wird. Heiner Gei\u00dfler \u2013 bekannterweise einer der links-gr\u00fcn-versifftesten Leute aller Zeiten.<\/p>\n\n\n\n<p><\/p>\n\n\n\n<p>Wer sich \u00fcber alternative Fakten echauffiert, sollte daran denken: das ist nix neues. Man kann sogar leicht Fakten erschaffen. Beispiel gef\u00e4llig?<\/p>\n\n\n\n<p>Die \u201eWerberelevante Zielgruppe\u201c der 14-49j\u00e4hrigen. Helmut Thoma hat die ger\u00fcchteweise damals dahingekotzt. Nach amerikanischen Vorbild, wobei ABC in den 70ern erst ab 18 anfing.<\/p>\n\n\n\n<p>Gibt es irgendwelchen Hintergr\u00fcnde?<\/p>\n\n\n\n<p>Sind die besonders beeinflussbar? Ja, mit 50 wird man spontan weise.<\/p>\n\n\n\n<p>Besonders viel Geld? Wir wissen, dass in vielen Berufen mit 50 das Gehalt pl\u00f6tzlich halbiert wird.<\/p>\n\n\n\n<p>Tats\u00e4chlich konnte damals mit der Gruppe RTL gut kaschieren, dass die eigentliche Quote nicht so hoch war, da \u00e4ltere Zuschauer noch eher bei ARD und ZDF blieben.<\/p>\n\n\n\n<p>Alternative Fakten \u2013 manchmal wertvoller als die Realit\u00e4t.<\/p>\n\n\n\n<p><\/p>\n\n\n\n<p>Man muss manchmal auch um die Ecke denken. Beispiel: Wildpinkler sollen ein gro\u00dfes Problem in Innenst\u00e4dten sein. Greifv\u00f6gel k\u00f6nnen Urin sehen. W\u00e4re es nicht sinnvoll, Greifv\u00f6gel auf Wildpinkler abzurichten?<\/p>\n\n\n\n<p><\/p>\n\n\n\n<p>Ja, Autofahrer und Radfahrer sind schlimm.  Aber wenn man genauer hinguckt, dann bemerkt vielleicht, wie Leute nicht auf ihr Recht beharren. Beispielsweise Autofahrer und Radfahrer, die einfach mal jemand reinlassen, obwohl der nicht Vorfahrt hat.  Und dann kommt man vielleicht zur Ansicht: so schlimm sind die gar nicht. Nur manche und\/oder manchmal.<\/p>\n\n\n\n<p><\/p>\n\n\n\n<p><\/p>\n\n\n\n<p>Es k\u00f6nnte sein, dass alles, was wir \u00fcber das Weltall zu wissen glauben, einfach eine gro\u00dfe Verarsche ist. Wesen \u2013 meinetwegen auch Gott oder G\u00f6tter-, die uns glauben machen wollen, dass das so ist, wie es uns scheint. Und in Wirklichkeit ist es alles ganz anders.<\/p>\n\n\n\n<p>Das hie\u00dfe aber: mit jeder neuen physikalischen Erkenntnis unsererseits m\u00fcssten die sich mehr M\u00fche geben.<\/p>\n\n\n\n<p>Es erscheint mir f\u00fcr einen Gott effizienter, alles einfach so einzurichten, wie es ist, statt es scheinen zu lassen, als w\u00e4re es anders&#8230;.<\/p>\n\n\n\n<p><\/p>\n\n\n\n<p><\/p>\n\n\n\n<p>Ger\u00fcchte besagen, dass die CDU\/CSU die Partei mit der Wirtschaftskompetenz sei. Eine kurze Auswertung der Taten der CDU\/CSU in den letzten 40 Jahren bringt vor allen Dingen die Erkenntnis, dass die CDU\/CSU auf Bundes- und Landesebene eins verinnerlicht hat: \u201eWenn ich geschickt gegen Regeln versto\u00dfe oder geschickt die Regeln so bastle, dass ich gar nicht dagegen versto\u00dfen kann, kann ich viel Geld verdienen.\u201c Und ich glaube, dass die Erkenntnis nicht so gro\u00df ist \u2013 nur der Abscheu vor so einem Verhalten ist in anderen Parteien vielleicht etwas gr\u00f6\u00dfer.<\/p>\n\n\n\n<p>Perspektivwechsel: Der Mindestlohn soll erh\u00f6ht werden. Diverse Verb\u00e4nde wie der Bauernverband warnen und fordern Sonderregeln, denn das k\u00f6nnen sich die Arbeitgeber gar nicht leisten.<\/p>\n\n\n\n<p>Und vielleicht sollte man mal da ansetzen. Momentan sind es die Mindestlohnempf\u00e4nger, die als bed\u00fcrftig gelten, Antr\u00e4ge stellen, ihre wirtschaftlichen Verh\u00e4ltnisse offenlegen und sich schlecht f\u00fchlen d\u00fcrfen. Sollte man nicht eher den Leuten einen sinnvollen Lohn bezahlen \u2013 und stattdessen m\u00fcssen die Arbeitgeber, die damit nicht zurecht kommen, ihre Firma als bed\u00fcrftig anmelden, Antr\u00e4ge stellen, ihre wirtschaftlichen Verh\u00e4ltnisse offenlegen und sich schlecht f\u00fchlen d\u00fcrfen. Hallo, ich bin ein eine bed\u00fcrftige, vom Staat gest\u00fctze Firma?<\/p>\n\n\n\n<p>Perlen der Presse, heute: die Hasepost.<\/p>\n\n\n\n<p>&#8222;Der Kopf eines Windrads st\u00fcrzte aus rund 125 Metern H\u00f6he auf ein Feld \u2013 mitsamt der tonnenschweren Rotorbl\u00e4tter. Wie durch ein Wunder wurde niemand verletzt.&#8220;<\/p>\n\n\n\n<p>Ein Wunder! Kein Mensch auf dem Feld! Normalerweise campiert da der ganze Ort Hohenholte&#8230;<\/p>\n\n\n\n<p>M\u00fcnchen. Zwei dunkelh\u00e4utige Jugendliche vor uns. \u201eBoah, das war so ein typischer M\u00fcnchener \u2013 genervt und unfreundlich.\u201c \u201eJa, und f\u00fcr das Stadtbild war der auch nix.\u201c<\/p>\n\n\n\n<p>Was S\u00f6der gerne betont: die Wirtschaftskraft seines Landes und was sein Bayern den anderen Bundesl\u00e4ndern gibt.<\/p>\n\n\n\n<p>Was S\u00f6der gerne unterschl\u00e4gt: eigentlich m\u00fcsste Strom in Bayern teurer sein. W\u00fcrde man erreichen, indem man Deutschland in mehrere Stromgebotszonen unterteilen w\u00fcrde&#8230; Deswegen sind Bayern (und Baden-W\u00fcrttemberg) komischerweise gegen eine Neuregelung&#8230;<\/p>\n\n\n\n<p>Frauen sollen Hygieneartikel kostenlos kriegen? Das geht nicht.<\/p>\n\n\n\n<p>Kostenlose Kott\u00fcten f\u00fcr Hunde? Das geht.<\/p>\n\n\n\n<p>Na ja, man soll das nicht gegeneinander ausspielen. Denn das ist nicht vergleichbar.<\/p>\n\n\n\n<p>Hunde m\u00f6gen wir.<\/p>\n\n\n\n<p>Ich h\u00e4tte mir ja gew\u00fcnscht, dass die Leute, die die Frauen jetzt im Sinne von Merz so verteidigen \u2013 also als Feigenblatt f\u00fcr Rassismus \u2013 damals die vom FDPler Br\u00fcderle bedr\u00e4ngten Journalistinnen verteidigt h\u00e4tten&#8230; aber da war es ja ein Deutscher und die Frauen selbst schuld.<\/p>\n\n\n\n<p>Ich habe zwei Grundz\u00fcge verstanden:<\/p>\n\n\n\n<p>1. Klimaschutz ist zu teuer. Er w\u00e4re nur gut, wenn er ohne Subventionen auskommen w\u00fcrde.<\/p>\n\n\n\n<p>2. Der Markt regelt alles.<\/p>\n\n\n\n<p>Es stellt sich aber die Frage: warum haben wir dann einen zweistelligen Milliardenbetrag an Klimasch\u00e4dlichen Subventionen, deren Auswirkungen dann schnell in den dreistelligen Milliardenbereich gehen?<\/p>\n\n\n\n<p>Ah, die haben wir ja nicht zum Zwecke der Klimasch\u00e4digung, das ist nur der Kollateralschaden.<\/p>\n\n\n\n<p>Ja, dann is okay.<\/p>\n\n\n\n<p><\/p>\n\n\n\n<p>Slogans, f\u00fcr St\u00e4dte, Folge 493:<br>Frankfurt &#8211; das beste Argument f\u00fcr Home Office<\/p>\n","protected":false},"excerpt":{"rendered":"<p>Atomkraftwerke sind eine gute Idee. Zeigt sich auch darin, dass Bauschutt von Biblis in unseren Kreis gebracht werden soll und es dagegen starken Widerstand gibt. Motto: wenn der Nachbarkreis schon das Atomkraftwerk f\u00fcr uns alle betreibt, soll er auch den M\u00fcll behalten. Atomkraftwerke sind eine gute Idee, wenn sie bei jemand anderem stehen. Man sollte &hellip; <a href=\"https:\/\/www.palandun.de\/index.php\/2025\/11\/30\/gesammeltes-november-2025\/\" class=\"more-link\"><span class=\"screen-reader-text\">\u201eGesammeltes November 2025\u201c <\/span>weiterlesen<\/a><\/p>\n","protected":false},"author":2,"featured_media":0,"comment_status":"closed","ping_status":"closed","sticky":false,"template":"","format":"standard","meta":{"footnotes":""},"categories":[2],"tags":[],"class_list":["post-2729","post","type-post","status-publish","format-standard","hentry","category-satire"],"_links":{"self":[{"href":"https:\/\/www.palandun.de\/index.php\/wp-json\/wp\/v2\/posts\/2729","targetHints":{"allow":["GET"]}}],"collection":[{"href":"https:\/\/www.palandun.de\/index.php\/wp-json\/wp\/v2\/posts"}],"about":[{"href":"https:\/\/www.palandun.de\/index.php\/wp-json\/wp\/v2\/types\/post"}],"author":[{"embeddable":true,"href":"https:\/\/www.palandun.de\/index.php\/wp-json\/wp\/v2\/users\/2"}],"replies":[{"embeddable":true,"href":"https:\/\/www.palandun.de\/index.php\/wp-json\/wp\/v2\/comments?post=2729"}],"version-history":[{"count":4,"href":"https:\/\/www.palandun.de\/index.php\/wp-json\/wp\/v2\/posts\/2729\/revisions"}],"predecessor-version":[{"id":2756,"href":"https:\/\/www.palandun.de\/index.php\/wp-json\/wp\/v2\/posts\/2729\/revisions\/2756"}],"wp:attachment":[{"href":"https:\/\/www.palandun.de\/index.php\/wp-json\/wp\/v2\/media?parent=2729"}],"wp:term":[{"taxonomy":"category","embeddable":true,"href":"https:\/\/www.palandun.de\/index.php\/wp-json\/wp\/v2\/categories?post=2729"},{"taxonomy":"post_tag","embeddable":true,"href":"https:\/\/www.palandun.de\/index.php\/wp-json\/wp\/v2\/tags?post=2729"}],"curies":[{"name":"wp","href":"https:\/\/api.w.org\/{rel}","templated":true}]}}