{"id":2871,"date":"2026-08-31T17:35:00","date_gmt":"2026-08-31T17:35:00","guid":{"rendered":"https:\/\/www.palandun.de\/?p=2871"},"modified":"2026-08-31T17:24:16","modified_gmt":"2026-08-31T17:24:16","slug":"in-kuerze-august-2026-teil-2","status":"publish","type":"post","link":"https:\/\/www.palandun.de\/index.php\/2026\/08\/31\/in-kuerze-august-2026-teil-2\/","title":{"rendered":"In K\u00fcrze August 2026 Teil 2"},"content":{"rendered":"\n<p class=\"wp-block-paragraph\">Statistik: Deutschlands gesetzliche Rente ist im europ\u00e4ischen Vergleich tats\u00e4chlich schwach.&nbsp; Wenn man mal die Pensionen rein rechnet, schaffen wir immerhin das Mittelfeld&#8230;<\/p>\n\n\n\n<p class=\"wp-block-paragraph\"><\/p>\n\n\n\n<p class=\"wp-block-paragraph\">Immer dann, wenn Autofahrer laut aufschreien: \u201eAber Radfahrer m\u00fcssen keinen Abstand halten!!!\u201c oder \u201eStra\u00dfen werden von meinen Steuern bezahlt!!!\u201c sollte man innehalten und begreifen: Inklusion kann funktionieren. Wir geben Leuten eine gef\u00e4hrliche Waffe in die Hand (bzw. unter den Hintern), obwohl ihr geistiger Zustand dagegenspricht. Wir grenzen sie nicht aus, weil wir glauben, dass Mobilit\u00e4t auch f\u00fcr diese Leute wichtig ist. F\u00fcr uns ist es nicht zu teuer &#8211; wir zahlen es gerne in Blech- und Personensch\u00e4den.<\/p>\n\n\n\n<p class=\"wp-block-paragraph\"><\/p>\n\n\n\n<p class=\"wp-block-paragraph\">Wir haben ein neues Hessenlogo. In blau. Um sich schon mal fein zu machen f\u00fcr die AfD.<\/p>\n\n\n\n<p class=\"wp-block-paragraph\">Kostete \u00fcbrigens 800000. Also eigentlich nur 290000 Euro. Sagte Boris Rhein. Dann lie\u00dfen Gr\u00fcne und FDP mal nachrechnen. Die wundersame Mehrung des Geldes.<\/p>\n\n\n\n<p class=\"wp-block-paragraph\"><\/p>\n\n\n\n<p class=\"wp-block-paragraph\">Merz macht den Eindruck, als w\u00fcrde er sich auf den Politikstil \u201eIch rede mal mit den Buddys, und dann passt das schon\u201c verlegt haben.<\/p>\n\n\n\n<p class=\"wp-block-paragraph\">Das klappt nur m\u00e4ssig.<\/p>\n\n\n\n<p class=\"wp-block-paragraph\">Es hat \u2013 zumindest nach au\u00dfen \u2013 schon mal besser funktioniert: bei Gerhard Schr\u00f6der.<\/p>\n\n\n\n<p class=\"wp-block-paragraph\">Der hatte aber einen unfairen Vorteil: er war halbwegs sympathisch.<\/p>\n\n\n\n<p class=\"wp-block-paragraph\"><\/p>\n\n\n\n<p class=\"wp-block-paragraph\">NRW-Landwirtschaftsministerin Gori\u00dfen bat vor ein paar Tagen Spazierg\u00e4nger und Jogger, vorerst die W\u00e4lder zu meiden. Denn: fast alle Waldbr\u00e4nde seien menschengemacht und w\u00fcrden etwa durch eine weggeworfene Kippe oder durch Grillen ausgel\u00f6st.<\/p>\n\n\n\n<p class=\"wp-block-paragraph\">Ja, wer kennt sie nicht. Die kettenrauchenden, zum spontanen Grillen neigenden Jogger&#8230;<\/p>\n\n\n\n<p class=\"wp-block-paragraph\">Nebenbei: der Rauch aus Nordrhein-Westfalen nebelt uns hier in Hessen zu. Da m\u00fcssen wir reagieren. Sorry Leute: ab morgen Z\u00f6lle von 10% auf Waren aus NRW. Von Trump lernen hei\u00dft siegen lernen.<\/p>\n\n\n\n<p class=\"wp-block-paragraph\"><\/p>\n\n\n\n<p class=\"wp-block-paragraph\"><\/p>\n\n\n\n<p class=\"wp-block-paragraph\">Wusstet ihr eigentlich, dass CDU-Politiker gar kein Problem haben, wenn man heimlich sexuell motiviert gefilmt wird? Stefanie Hubig wollte das angehen. 2 gr\u00fcne Minister:innen (Limbach und Gallina) wollten mitmachen. Die anderen Landesjustizminister lehnten das aber ab. Sachsens Justizministerin Constanze Geiert (CDU) sagte bei der abschlie\u00dfenden Pressekonferenz: \u201eNat\u00fcrlich ist so ein Verhalten verwerflich und moralisch zu verurteilen. Aber das Strafrecht ist keine Supermoralinstanz.\u201c<\/p>\n\n\n\n<p class=\"wp-block-paragraph\">Witzig. Hat der Frau mal jemand gesagt, dass so ziemlich alle Strafnormen gesellschaftliche Moralvorstellungen widerspiegeln?<\/p>\n\n\n\n<p class=\"wp-block-paragraph\"><\/p>\n\n\n\n<p class=\"wp-block-paragraph\">\u201eWahre Gr\u00f6\u00dfe liegt im Inneren\u201c sagte er und zog seinen Darm heraus. Ach nee, das war L\u00e4nge.<\/p>\n\n\n\n<p class=\"wp-block-paragraph\"><\/p>\n\n\n\n<p class=\"wp-block-paragraph\">Hallo, kleiner Sachsen-Anhalter! Die CDU hat dich entt\u00e4uscht, jetzt w\u00e4hlst Du AfD?<\/p>\n\n\n\n<p class=\"wp-block-paragraph\">Das ist ungef\u00e4hr wie \u201eDie haben mir in den Fu\u00df geschossen. Daf\u00fcr schie\u00dfe ich mir jetzt ins Knie.\u201c<\/p>\n\n\n\n<p class=\"wp-block-paragraph\">Hat immerhin etwas stringentes.<\/p>\n\n\n\n<p class=\"wp-block-paragraph\"><\/p>\n\n\n\n<p class=\"wp-block-paragraph\">Kann man Trump eigentlich als Zufallszahlengenerator benutzen?<\/p>\n\n\n\n<p class=\"wp-block-paragraph\">Sind es Pseudozufallszahlen? Oder wirkliche Zufallszahlen? Muss man einfach das Rauschen in seinem Hirn messen.<\/p>\n\n\n\n<p class=\"wp-block-paragraph\">Dann jedoch die Ern\u00fcchterung: am Ende kommt immer Zoll raus. Muss kaputt sein.<\/p>\n\n\n\n<p class=\"wp-block-paragraph\"><\/p>\n\n\n\n<p class=\"wp-block-paragraph\">An einigen Orten wurden DNA-Tests f\u00fcr Hundekot eingef\u00fchrt. Vielleicht k\u00f6nnte man das auch f\u00fcr Raucher machen?<br><\/p>\n\n\n\n<p class=\"wp-block-paragraph\">Nicht nur Raucher werden mit Schockbildern vom Kaufen ihrer Ware abgehalten. Bei ALDI ist n\u00e4chste Woche Heidi Klum auf Chips-Packungen abgebildet.<br><\/p>\n\n\n\n<p class=\"wp-block-paragraph\">Den Superhelden &#8222;Agfaman&#8220; mit dem perfekten photografischen Ged\u00e4chtnis kennen auch nur Boomer.<br><\/p>\n\n\n\n<p class=\"wp-block-paragraph\">Endlich hat Deutschland ein Zentrum f\u00fcr die Dronenabwehr.<\/p>\n\n\n\n<p class=\"wp-block-paragraph\">Jens Spahn hat schon Imkeranz\u00fcge f\u00fcr 2 Milliarden Euro bestellt.<\/p>\n","protected":false},"excerpt":{"rendered":"<p>Statistik: Deutschlands gesetzliche Rente ist im europ\u00e4ischen Vergleich tats\u00e4chlich schwach.&nbsp; Wenn man mal die Pensionen rein rechnet, schaffen wir immerhin das Mittelfeld&#8230; Immer dann, wenn Autofahrer laut aufschreien: \u201eAber Radfahrer m\u00fcssen keinen Abstand halten!!!\u201c oder \u201eStra\u00dfen werden von meinen Steuern bezahlt!!!\u201c sollte man innehalten und begreifen: Inklusion kann funktionieren. Wir geben Leuten eine gef\u00e4hrliche Waffe &hellip; <a href=\"https:\/\/www.palandun.de\/index.php\/2026\/08\/31\/in-kuerze-august-2026-teil-2\/\" class=\"more-link\"><span class=\"screen-reader-text\">\u201eIn K\u00fcrze August 2026 Teil 2\u201c <\/span>weiterlesen<\/a><\/p>\n","protected":false},"author":2,"featured_media":0,"comment_status":"closed","ping_status":"closed","sticky":false,"template":"","format":"standard","meta":{"footnotes":""},"categories":[6,2],"tags":[],"class_list":["post-2871","post","type-post","status-publish","format-standard","hentry","category-in-kuerze","category-satire"],"_links":{"self":[{"href":"https:\/\/www.palandun.de\/index.php\/wp-json\/wp\/v2\/posts\/2871","targetHints":{"allow":["GET"]}}],"collection":[{"href":"https:\/\/www.palandun.de\/index.php\/wp-json\/wp\/v2\/posts"}],"about":[{"href":"https:\/\/www.palandun.de\/index.php\/wp-json\/wp\/v2\/types\/post"}],"author":[{"embeddable":true,"href":"https:\/\/www.palandun.de\/index.php\/wp-json\/wp\/v2\/users\/2"}],"replies":[{"embeddable":true,"href":"https:\/\/www.palandun.de\/index.php\/wp-json\/wp\/v2\/comments?post=2871"}],"version-history":[{"count":3,"href":"https:\/\/www.palandun.de\/index.php\/wp-json\/wp\/v2\/posts\/2871\/revisions"}],"predecessor-version":[{"id":2883,"href":"https:\/\/www.palandun.de\/index.php\/wp-json\/wp\/v2\/posts\/2871\/revisions\/2883"}],"wp:attachment":[{"href":"https:\/\/www.palandun.de\/index.php\/wp-json\/wp\/v2\/media?parent=2871"}],"wp:term":[{"taxonomy":"category","embeddable":true,"href":"https:\/\/www.palandun.de\/index.php\/wp-json\/wp\/v2\/categories?post=2871"},{"taxonomy":"post_tag","embeddable":true,"href":"https:\/\/www.palandun.de\/index.php\/wp-json\/wp\/v2\/tags?post=2871"}],"curies":[{"name":"wp","href":"https:\/\/api.w.org\/{rel}","templated":true}]}}