{"id":433,"date":"2011-04-28T08:24:00","date_gmt":"2011-04-28T08:24:00","guid":{"rendered":"https:\/\/www.palandun.de\/?p=433"},"modified":"2020-02-29T08:25:09","modified_gmt":"2020-02-29T08:25:09","slug":"es-wird-fruehling-der-wahnsinn-spriesst-wieder-oder-jura-fuer-anfaenger","status":"publish","type":"post","link":"https:\/\/www.palandun.de\/index.php\/2011\/04\/28\/es-wird-fruehling-der-wahnsinn-spriesst-wieder-oder-jura-fuer-anfaenger\/","title":{"rendered":"Es wird Fr\u00fchling: der Wahnsinn sprie\u00dft wieder \u2013 oder: Jura f\u00fcr Anf\u00e4nger"},"content":{"rendered":"\n<p>\nWie hei\u00dfen eigentlich die 4 Hauptfeinde der Bahn? Fr\u00fchling, Sommer, \nHerbst und Winter. Klar, der ist alt. Aber jetzt mal ganz ehrlich: wie \nschafft es die Bahn eigentlich, auch im Fr\u00fchling zu sp\u00e4t zu kommen? Ich \nverstehe ja alles: Sommer ist zu hei\u00df, im Herbst ist Laub auf den \nSchienen, im Winter kommen Schnee und Eis. Aber im Fr\u00fchling? Was soll \ndenn da die Stahlr\u00f6sser aufhalten? Pollenflug? <br>Ich glaube, die haben die Gewerkschaft gebeten zu streiken&#8230;<\/p>\n\n\n\n<p>Die\n Z\u00fcge waren nicht ohne Grund zu Ostern \u00fcberf\u00fcllt: viele Leuten hatten \nkein Geld f\u00fcrs Benzin oder Angst davor, Ostern auf der Autobahn liegen \nzu bleiben. Die Mineral\u00f6lkonzerne haben vor Ostern davor gewarnt, dass \ndas Benzin alle gehen k\u00f6nnte. Weil keiner E10 tankt und weil von Sommer-\n auf Winter-Benzin umgestellt wird. Oder umgekehrt. Bei denen ist man \nnie sicher. Klar. Das kam so \u00fcberraschend. Ostern. War ja reichlich \nsp\u00e4t. Da haben die nicht mehr mit gerechnet. Also ungef\u00e4hr wie die Bahn \njedes Jahr vom Winter \u00fcberrascht wird. Obwohl: so \u00fcberraschend war \nOstern doch nicht. Die benzinliche Preissteigerung zu Ostern ist \n\u00fcbrigens nicht eine Gemeinheit der Konzerne, wie der ADAC behauptet, \nsondern liegt an&#8230; Libyen. Wahrscheinlich seit 20 Jahren. Oder es gibt \neine Chart der besten Osterpreiserh\u00f6hungsbegr\u00fcndungen, die demn\u00e4chst \nauch in Buchform rauskommt.<\/p>\n\n\n\n<p>Preissteigerung wird es auch bei der \nEnergie geben. Die Energiewende kostet so unheimlich viel Geld. \nKernkraft nicht, denn die Zinsen werden nie eingerechnet. Wahrscheinlich\n w\u00fcrde es reichen, jetzt 1000 Euro zur\u00fcckzulegen, um im Jahr 9999 noch \nBrennst\u00e4be zu lagern&#8230;<\/p>\n\n\n\n<p>Ich komme \u00fcbrigens noch immer nicht \u00fcber \ndie Berechnungen der Atomindustrie mit den GAUs weg. Ich glaube wir \nhaben die immer falsch verstanden. Die Idee mit alle 10000 Jahre einen \nSuper-GAU ist nicht, dass das die durchschnittliche Zeit ist. Das ist \ndas Versprechen, in der Zeit mindestens einen GAU hinzukriegen. Bei \nBedarf k\u00f6nnen die mehr.<\/p>\n\n\n\n<p>Und ich bewundere die Japaner f\u00fcr ihr \nKrisenmanagement. Sie haben die Krise voll in Griff. Es gibt kein \nVerstrahlungsproblem mehr. Japan will die H\u00f6chstgrenze zur j\u00e4hrlichen \nStrahlendosis hochsetzen. Dann ist doch alles gegessen. Und \u00fcbers Essen \nkriegt man es ja auch. Wenn das mal nicht nach hinten losgeht&#8230;&nbsp; Die \nhaben da glaube ich einen FDPler als Consultant.<\/p>\n\n\n\n<p>F\u00fcr Frau Merkel \nhat die Katastrophe \u2013 wahrscheinlich eher die in Baden-W\u00fcrttemberg als \nin Japan \u2013 Auswirkungen auf \u201edie ganze Welt, Europa und auch \nDeutschland\u201c. Man beachte: Europa ist nicht automatisch in der ganzen \nWelt, und Deutschland auch nicht unbedingt in Europa, das sind \nvollkommen getrennte Sachen. Und ich bin mir sicher, dass zumindest \nviele Politiker wirklich nicht von dieser Welt sind.<\/p>\n\n\n\n<p>Noch mal \nzur\u00fcck zum Benzin: Ramsauer dementiert die Planung einer Pkw-Maut. \nAchtung: \u201edementiert\u201c kommt von Demenz. Bei Verkehrsunf\u00e4llen dieser Art \nist auch h\u00e4ufig Alkohol im Spiel, das gibt bekanntlich verminderte \nSchuldf\u00e4higkeit. Das Dementi ist \u00fcbrigens knallhart. Das \nVerkehrsministerium im Stern: &#8222;Es gibt keine Pkw-Maut. Sie wird \ngarantiert nicht eingef\u00fchrt. Der Minister steht zu seinem schon fr\u00fcher \ngegebenen Wort.&#8220; In dieser Legislaturperiode. Danach kommt Ramsauer 2.0.<\/p>\n\n\n\n<p>Aber\n f\u00fcrs Benzin k\u00e4mpfen unsere Freunde, die Amerikaner, in Libyen. Sie \nwollen jetzt unbemannte Kampfdronen einsetzen. Die erste hei\u00dft Alice \nSchwarzer. Allerdings muss man noch ein paar Tage warten, bis auf dem \nKartenmaterial die chinesische Botschaft gefunden wird. Genauso wird es \nnoch dauern, bis man den Westerwelle interpretiert hat. Deutschland ist \neindeutig f\u00fcr alles, was die UNO da macht, und hat sich deswegen \nfolgerichtig beim Beschluss enthalten. Und jetzt hat Merkel Sanktionen \nf\u00fcr Syrien gefordert. Wollte sie damit sagen, dass wir uns wieder \nenthalten? Und war Mappus eigentlich nie f\u00fcr Stuttgart 21 und die CDU, \nCSU und FDP nie f\u00fcr Kernenergie? Immerhin haben die daf\u00fcr gestimmt, also\n dagegen, denn w\u00e4ren sie daf\u00fcr gewesen, h\u00e4tten sie sich ja enthalten. \nOder???<\/p>\n\n\n\n<p>Ich kann Westerwelles Verhalten aber erkl\u00e4ren: er ist Jurist.<\/p>\n\n\n\n<p>Kleine\n Bitte am Rande: die Krankenkassen und Rentenversicherungen und so \nveranstalten wieder eine Sozialwahl. Da geht es darum, die Leute f\u00fcr die\n Selbstverwaltung zu w\u00e4hlen. So Gewerkschaftsvertreter und so. So, und \nlogischerweise gibt es dann zwei Arten von Wahlen: Sozialwahlen und \nAsozialwahlen. Asozialwahlen sind die gew\u00f6hnlichen Wahlen wie Bundestag,\n Landtag und so. Die hei\u00dfen so, weil man vorher wei\u00df, wen man w\u00e4hlt. \nAlso im Bundestag hat man zum Beispiel die Wahl zwischen Merkel, \nGabriel, Trittin und Westerwelle. Wobei der Westerwelle jetzt R\u00f6sler \nhei\u00dft, die haben die Partei endlich zum Arzt geschickt. Leider kein \nPsychiater. Egal. Wir haben also die Wahl zwischen Pest und Cholera, Not\n und Elend, denn wir kennen die Typen. Eigentlich zu gut. Und das \ngemeine ist, dass im Nachhinein immer ein Schlauberger sagt: ja, wenn \nihr unzufrieden seid: warum habt ihr denn den gew\u00e4hlt? Das Volk ist \nimmer selbst schuld. Ger\u00fcchteweise wurden schon mehrere Bundestagswahlen\n \u00fcberpr\u00fcft, ob das mit der Genfer Konvention und dem darin enthaltenen \nFolterpassus vereinbar ist. Aber die Genfer Konvention greift nur in \neinem Krieg, nicht in einem Krieg um die Honigt\u00f6pfe und die H\u00e4ngematten \ndes deutschen Staates.&nbsp; Im Gegensatz zu diesen Asozialwahlen sind die \nKandidaten bei der Sozialwahl herrlich unbekannt. Das ist das Soziale \ndaran. Ich habe mir auch zu Anfang gedacht: wen soll ich denn da w\u00e4hlen.\n Dann habe ich gesehen, wer w\u00e4hlbar ist. Und da kommt dann die Br\u00fccke \nzwischen Sozialwahl und Asozialwahl: als ich sah, wen ich da w\u00e4hlen soll\n \u2013 Gewerkschaften, christliche Angriffstruppen \u2013 war mir klar: ich muss \nw\u00e4hlen, um auch dort das schlimmste zu verhindern. Also: viel Spa\u00df beim \nW\u00e4hlen.<\/p>\n\n\n\n<p>Und ich m\u00f6chte noch mal drauf hinweisen: ich sag nicht, \ndass Politiker nur schlechte Sachen machen. Ich bin sogar stark f\u00fcr \nMerkels Ethikkommision f\u00fcrs Atom: man soll immer einen Experten \ndazuziehen, wenn man selbst keine Ahnung davon hat. Ich sage JA zur \nEthik-Kommission.<\/p>\n\n\n\n<p>Wir hatten \u00fcbrigens zu Ostern einen \nDiscostreit, da geht es ja auch um Moral und Ethik. An Karfreitag darf \nnicht wild rumgetanzt werden. Da sind jetzt eine Menge Leute sauer, dass\n sie das einem von 52 Wochenenden nicht d\u00fcrfen. Und verlangen, dass man \nauch Osterfeiertagen nachts tanzen und h\u00fcpfen darf. Ich sehe das so: das\n ist der halt der Preis. Wer Ostern nicht mag, kann uns Christen die \nFeiertage auch zur\u00fcckgeben und arbeiten geben.<\/p>\n\n\n\n<p>Zum Schluss noch \neinen kleinen Gl\u00fcckwunsch: Gewinner des Monats ist die evangelische \nKirche. Wie bekannt wurde, konnte die evangelische Kirche den \nAbw\u00e4rtstrend stoppen und f\u00fcr das Jahr 2010 endlich einen Erfolg \nvermelden bei den Kirchenaustritten. Nein, es gab nicht weniger \nKirchenaustritte. Es gab auch nicht mehr Kirchenein- als austritte. Aber\n die Katholiken hatten ausnahmsweise mal mehr Austritte. Ob da jetzt von\n der evangelischen Kirche eine Bonuszahlung an den Mixa&#8230; vielleicht \ndarf der bald in den Aufsichtsrat\u2026<\/p>\n\n\n\n<p>Von Mixa zum n\u00e4chsten \ngescheiterten deutschen Moralapostel: dass der Sarazin in der SPD \nbleiben darf, ist nur logisch: wenn man jeden Dummschw\u00e4tzer \nrausschmei\u00dfen w\u00fcrde, w\u00e4re ja bald keiner mehr da. Er&nbsp; hat \u00fcbrigens \nRecht, wenn er von einer Islamisierung Deutschlands spricht. Das Problem\n ist nicht, dass es demn\u00e4chst zu viele Muslime gibt. Es wird einfach \nkeine Christen mehr geben. Wenn es so weiter geht, sind wir schon 2030 \nkein christliches Land mehr, da brauchen wir gar nicht bis 2100 warten. \nInteressiert dann aber auch keinen mehr, ist eh keiner mehr in der \nKirche.<\/p>\n\n\n\n<p>Wenn sich jetzt FDP auch abschaffen k\u00f6nnte&#8230; Ich sah \nneulich ein Bild in der Zeitung: Genscher verlangt neue Gesichter bei \nder FDP. Daneben sein Foto. Und da dachte ich nur: ja.<\/p>\n\n\n\n<p>P.S.: Arbeitsbeschaffungsma\u00dfnahmen sind gesetzlich abgeschafft. Sie hei\u00dfen ab jetzt wieder GEZ, ARD und Beamtentum.\n\n<\/p>\n","protected":false},"excerpt":{"rendered":"<p>Wie hei\u00dfen eigentlich die 4 Hauptfeinde der Bahn? Fr\u00fchling, Sommer, Herbst und Winter. Klar, der ist alt. Aber jetzt mal ganz ehrlich: wie schafft es die Bahn eigentlich, auch im Fr\u00fchling zu sp\u00e4t zu kommen? Ich verstehe ja alles: Sommer ist zu hei\u00df, im Herbst ist Laub auf den Schienen, im Winter kommen Schnee und &hellip; <a href=\"https:\/\/www.palandun.de\/index.php\/2011\/04\/28\/es-wird-fruehling-der-wahnsinn-spriesst-wieder-oder-jura-fuer-anfaenger\/\" class=\"more-link\"><span class=\"screen-reader-text\">\u201eEs wird Fr\u00fchling: der Wahnsinn sprie\u00dft wieder \u2013 oder: Jura f\u00fcr Anf\u00e4nger\u201c <\/span>weiterlesen<\/a><\/p>\n","protected":false},"author":2,"featured_media":0,"comment_status":"open","ping_status":"closed","sticky":false,"template":"","format":"standard","meta":{"footnotes":""},"categories":[2],"tags":[],"class_list":["post-433","post","type-post","status-publish","format-standard","hentry","category-satire"],"_links":{"self":[{"href":"https:\/\/www.palandun.de\/index.php\/wp-json\/wp\/v2\/posts\/433","targetHints":{"allow":["GET"]}}],"collection":[{"href":"https:\/\/www.palandun.de\/index.php\/wp-json\/wp\/v2\/posts"}],"about":[{"href":"https:\/\/www.palandun.de\/index.php\/wp-json\/wp\/v2\/types\/post"}],"author":[{"embeddable":true,"href":"https:\/\/www.palandun.de\/index.php\/wp-json\/wp\/v2\/users\/2"}],"replies":[{"embeddable":true,"href":"https:\/\/www.palandun.de\/index.php\/wp-json\/wp\/v2\/comments?post=433"}],"version-history":[{"count":1,"href":"https:\/\/www.palandun.de\/index.php\/wp-json\/wp\/v2\/posts\/433\/revisions"}],"predecessor-version":[{"id":434,"href":"https:\/\/www.palandun.de\/index.php\/wp-json\/wp\/v2\/posts\/433\/revisions\/434"}],"wp:attachment":[{"href":"https:\/\/www.palandun.de\/index.php\/wp-json\/wp\/v2\/media?parent=433"}],"wp:term":[{"taxonomy":"category","embeddable":true,"href":"https:\/\/www.palandun.de\/index.php\/wp-json\/wp\/v2\/categories?post=433"},{"taxonomy":"post_tag","embeddable":true,"href":"https:\/\/www.palandun.de\/index.php\/wp-json\/wp\/v2\/tags?post=433"}],"curies":[{"name":"wp","href":"https:\/\/api.w.org\/{rel}","templated":true}]}}