{"id":528,"date":"2014-05-30T13:49:16","date_gmt":"2014-05-30T13:49:16","guid":{"rendered":"https:\/\/www.palandun.de\/?p=528"},"modified":"2020-02-29T13:49:48","modified_gmt":"2020-02-29T13:49:48","slug":"kevin-grosskreutz","status":"publish","type":"post","link":"https:\/\/www.palandun.de\/index.php\/2014\/05\/30\/kevin-grosskreutz\/","title":{"rendered":"Kevin Gro\u00dfkreutz"},"content":{"rendered":"\n<p> Deutschland fragt sich: soll Kevin Gro\u00dfkreutz mit in den Flieger nach  Brasilien? Ich sage: ja! Es gibt gro\u00dfe Windeln, da gibt es keine  Probleme.<br> <br> Es gibt viele Fragen, die noch offen sind: warum urinierte er in der  Lobby? In welchem Hotel? Wenn es der bayrische Hof in Berlin war, dann  k\u00f6nnte man es ja noch verstehen nach dem Spiel. Mich besch\u00e4ftigt ich  dazu noch die Frage, ob er wenigstens die S\u00e4ule getroffen hat.  Vielleicht war es auch eine misslungene Doping-Probe. Man kennt ja diese  Doping-Fahnder: tauchen mit dem R\u00f6hrchen auf und dann muss es auch  sofort losgehen. Vielleicht hat Gro\u00dfkreutz einfach nicht getroffen.<br> <br> Au\u00dferdem hat er sich gebessert. Bei der D\u00f6ner-Wurf-Aff\u00e4re hat er noch  mit Essen geschmissen. Das macht man nicht. Mit Essen spielt man nicht.  Auch nicht in K\u00f6ln. Jetzt hat er die Endprodukte genommen. Gut, dass er  gesoffen und nicht gefressen hatte.<br> <br> Trotzdem regt sich Deutschland auf, denn Nationalspieler sollen  Vorbilder sein. Wie Matth\u00e4us, Basler oder Effenberg. Anders gesagt:  Leute, die Fu\u00dfball-Nationalspieler als Vorbilder nehmen, sollte man sich  auf jeden Fall nicht als Vorbild nehmen.<br> <br> Ich frage mich, wann endlich das Potential der Geschichte erkannt wird.  Der BVB l\u00e4uft weiter mit gelbem Continental-Trikot auf. Au\u00dfer  Gro\u00dfkreutz, der macht ab n\u00e4chster Saison Werbung f\u00fcr Prostagutt.  Oder  Granufink. Im Fernsehen k\u00f6nnte man gut ein Duell zwischen Kevin  Gro\u00dfkreutz und Ernst August von Hannover inszenieren. Stefan Raab darf  moderieren.<br> <br> Ist jemand eigentlich aufgefallen, dass er Kevin hei\u00dft? Der Standardname  f\u00fcr Verhaltensauff\u00e4llige. Was denken sich die Eltern eigentlich bei der  Namenswahl? Wollen wir einen Jungen, ein M\u00e4dchen? Oder doch lieber eine  Diagnose? Lass ihn uns Kevin nennen. Oder Chantal. Chantal Gro\u00dfkreutz.  Den h\u00e4tte L\u00f6w aber wirklich nicht mitgenommen nach Brasilien, sondern  nach Kopenhagen zum Grand Prix de Eurovision de la Chanson geschickt.  Aber nur mit angemaltem Bart. Nebenbei: fr\u00fcher musste man beim Grand  Prix auch noch singen. Machen die das eigentlich noch, oder reicht  merkw\u00fcrdig auszusehen?<br> <br> Beim n\u00e4chsten Mal wird Jogi L\u00f6w ihn aber bestrafen. Wahrscheinlich nimmt  er ihn einfach im Auto als Beifahrer mit. Wobei Jogi nach der WM nicht  mehr Bundestrainer sein wird. Er hat schon ein gutes Angebot von der  CSU, da kann er Minister werden. Da ist F\u00fchrerscheinentzug  Zugangsvoraussetzung. Wobei Alkohol als Grund nat\u00fcrlich angesehener ist.<br> <br> Wie gesagt: laut BILD haben L\u00f6w und Bierhoff Gro\u00dfkreutz klar gemacht: noch so was, und er fliegt. Vermutlich nach Brasilien.<br> <br> Der DFB hat momentan ja etwas Pech mit Autos. W\u00e4hrend vor der letzten WM  Thomas M\u00fcller noch beweisen konnte, dass er kein Rad fahren kann,  fahren die Fu\u00dfballer bei Werbeaufnahmen harmlose Passanten an. Auf wen  kann man sich eigentlich noch verlassen? ADAC nicht, DFB nicht\u2026 Immerhin  haben sie getroffen.<br> <br> Gut, dass man nach Brasilien nicht fahren kann, sondern fliegen muss.<br> <br> Zum Schluss noch ein Wunsch von Formel 1-Hinterherfahrer Sebastian  Vettel: als Patriot w\u00fcnscht er der Deutschen Nationalmannschaft den  Weltmeistertitel. Er freut sich auch auf die wehenden Fahnen. Das sagte  er in seiner Wahlheimat Schweiz. Er stellte auch klar, dass Patriotismus  vollkommen okay ist, auch wenn die Deutschen damit ein bisschen  Probleme h\u00e4tten wegen ihrer Vergangenheit. Die Probleme, den  Patriotismus auch aufrechtzuerhalten, wenn man Steuern in Deutschland  zahlen m\u00fcsste, sprach er nicht an. Wobei Vettel klar sagte: die Steuern  sind nicht das wichtigste, warum er in die Schweiz gezogen ist. Da  scheint doch noch etwas anderes an seinem Patriotismus zu nagen. <\/p>\n","protected":false},"excerpt":{"rendered":"<p>Deutschland fragt sich: soll Kevin Gro\u00dfkreutz mit in den Flieger nach Brasilien? Ich sage: ja! Es gibt gro\u00dfe Windeln, da gibt es keine Probleme. Es gibt viele Fragen, die noch offen sind: warum urinierte er in der Lobby? In welchem Hotel? Wenn es der bayrische Hof in Berlin war, dann k\u00f6nnte man es ja noch &hellip; <a href=\"https:\/\/www.palandun.de\/index.php\/2014\/05\/30\/kevin-grosskreutz\/\" class=\"more-link\"><span class=\"screen-reader-text\">\u201eKevin Gro\u00dfkreutz\u201c <\/span>weiterlesen<\/a><\/p>\n","protected":false},"author":2,"featured_media":0,"comment_status":"open","ping_status":"closed","sticky":false,"template":"","format":"standard","meta":{"footnotes":""},"categories":[2],"tags":[],"class_list":["post-528","post","type-post","status-publish","format-standard","hentry","category-satire"],"_links":{"self":[{"href":"https:\/\/www.palandun.de\/index.php\/wp-json\/wp\/v2\/posts\/528","targetHints":{"allow":["GET"]}}],"collection":[{"href":"https:\/\/www.palandun.de\/index.php\/wp-json\/wp\/v2\/posts"}],"about":[{"href":"https:\/\/www.palandun.de\/index.php\/wp-json\/wp\/v2\/types\/post"}],"author":[{"embeddable":true,"href":"https:\/\/www.palandun.de\/index.php\/wp-json\/wp\/v2\/users\/2"}],"replies":[{"embeddable":true,"href":"https:\/\/www.palandun.de\/index.php\/wp-json\/wp\/v2\/comments?post=528"}],"version-history":[{"count":1,"href":"https:\/\/www.palandun.de\/index.php\/wp-json\/wp\/v2\/posts\/528\/revisions"}],"predecessor-version":[{"id":529,"href":"https:\/\/www.palandun.de\/index.php\/wp-json\/wp\/v2\/posts\/528\/revisions\/529"}],"wp:attachment":[{"href":"https:\/\/www.palandun.de\/index.php\/wp-json\/wp\/v2\/media?parent=528"}],"wp:term":[{"taxonomy":"category","embeddable":true,"href":"https:\/\/www.palandun.de\/index.php\/wp-json\/wp\/v2\/categories?post=528"},{"taxonomy":"post_tag","embeddable":true,"href":"https:\/\/www.palandun.de\/index.php\/wp-json\/wp\/v2\/tags?post=528"}],"curies":[{"name":"wp","href":"https:\/\/api.w.org\/{rel}","templated":true}]}}