{"id":534,"date":"2015-05-06T13:52:34","date_gmt":"2015-05-06T13:52:34","guid":{"rendered":"https:\/\/www.palandun.de\/?p=534"},"modified":"2020-02-29T13:53:00","modified_gmt":"2020-02-29T13:53:00","slug":"wir-streiken-weiter","status":"publish","type":"post","link":"https:\/\/www.palandun.de\/index.php\/2015\/05\/06\/wir-streiken-weiter\/","title":{"rendered":"Wir streiken weiter"},"content":{"rendered":"\n<p> Der Kapitalismus ist eine feine Sache. Er ist so viel besser als der Kommunismus. Er bringt nur Vorteile. Nur nicht allen. <br>Scheinbar  gibt es aber auch Nachteile. So kommen viele Leute momentan schlechter  zu ihren Arbeitspl\u00e4tzen. Und wer ist schuld? Die Idioten von der GDL.  Mit Herrn Weselsky.<br>Da muss man was tun, da sind sich alle einig.  Streiken d\u00fcrften die doch eigentlich gar nicht. Weil Eisenbahnfahren so  wichtig ist. Das fordern ganz viele. Sigmar Gabriel. Dobrindt. Vogt. Ach  so, den kennen sie gar nicht: der geh\u00f6rt zu der kleinen Splittergruppe  namens FDP, die noch unwichtiger ist als die GDL.<br>Warum d\u00fcrfen die  eigentlich streiken? Das durften die vor 25 Jahren noch gar nicht. Warum  nicht? Weil die Lokf\u00fchrer da noch Beamte waren. Und die d\u00fcrfen nicht  streiken. Warum sind sie eigentlich nicht mehr Beamte? Weil der  Bundestag da dr\u00fcber abgestimmt hat. Und zwar fast einstimmig. Dagegen  waren nur vereinzelte Abgeordnete, vor allen Dingen von der PDS. <br>Falls sie \u00fcbrigens Politiker dar\u00fcber ausfragen wollen: Frau Merkel war entschuldigt. Herr Sch\u00e4uble war aber da.<br>War  aber eine gute Idee, die Bahn zu entbeamten. Beamte sind nun mal teuer.  Da kann man sehr viel sparen. Auf der anderen Seite darf dann halt der  Arbeitnehmer streiken f\u00fcr seine Rechte.<br>Und jetzt verstehen wir auch,  warum alle jammern, vor allem die Vertreter des  Heuschrecken-Kapitalismus: FDP, CDU, CSU\u2026 Da hat doch keiner damit  gerechnet, dass jemand von den privatisierten das System durchschaut und  die M\u00f6glichkeiten ausnutzt. Warum sind eigentlich 1\/3 der Zugbegleiter  in der GDL? Tja, weiss ich auch nicht, warum die nicht zum Scho\u00dfh\u00fcndchen  der Bahn namens Transnet wollen\u2026<br>Wof\u00fcr streiken die GDLer? Um Geld  geht es ja gar nicht mehr. Wobei 4,5% sich nach mehr anh\u00f6rt, als es ist\u2026  bis zur Einigung und mit der angedachten Laufzeit sind es 1,5% pro  Jahr, das klingt doch etwas weniger. Die Boni der Bahnvorst\u00e4nde sind  \u00fcbrigens spontan mal um 123% gestiegen.<br>Auch bei Abbau von  \u00dcberstunden der Lokf\u00fchrer ist schon Einlenken der Bahnspitze zu sehen.  Dabei hatte man schon das Gef\u00fchl, allein das w\u00e4re der Untergang des  Abendlandes.<br>Gestreikt wird f\u00fcr das Recht, f\u00fcr weitere Gruppen zu  verhandeln, nicht nur f\u00fcr die Lokf\u00fchrer. Lustigerweise meine ich  verstanden zu haben, dass das gerichtlich sogar schon als  Gesetzeskonform angesehen wurde\u2026 aber ich scheine da falsch zu liegen.<br>Zwei  Tarife in einer Firma gehen nicht, so sagt die Bahn. Dass sollten viele  Firmen mal wissen, die nicht alle nach dem gleichen hohen Tarif  bezahlen wollen. Viele Firmen leben hervorragend mit mehreren Tarifen.<br>Nebenbei:  Weselsky streikt? Es sind ja schon \u00fcber 75% der GDL-Anh\u00e4nger, die das  wollen. Da ist schon klar, warum Politiker jammern: so viel Zustimmung  sind sie nicht gewohnt.<br>F\u00fcr die Presse und die meisten Deutschen  scheint die Tarifauseinandersetzung aber auf eine einfache Formel  runterzubrechen sein: \u201eDie Bahn: die Guten. Die GDL: die B\u00f6sen.\u201c<br>Das  sind dann h\u00e4ufig auch Leute, die ihre Aussagen mit \u201eIch bin 25 Jahre  nicht mehr Bahn gefahren. Unflexibel, Preise steigen dauern,  unp\u00fcnktlich\u201c beginnen und dann darauf hinweisen, dass sie deswegen Auto  fahren. Das wiederum ist nat\u00fcrlich immer p\u00fcnktlich. Und die Benzinpreise  sind nat\u00fcrlich auch immer gleich geblieben.<br>Sp\u00e4testens morgen ist der Streik aber beendet, wenn Roland Pofalla vor die Presse tritt und ihn f\u00fcr beendet erkl\u00e4rt.<br>Und dann&#8230; geht es richtig los.<br>Verhandeln  soll jetzt der Herr Platzeck. Gro\u00dfartiger Spa\u00df. Genau der Mann, der  sich darin auskennt, den Verkehr lahmzulegen. Der neue Berliner  Flughafen erlaubte unerwartete H\u00f6henfl\u00fcge. Wobei die mangelnde H\u00f6he der  Fl\u00fcge das unerwartete war.<br>Dem traue ich aber zu, dass er in 7 Tagen  das Ergebnis abliefert. Aus Versehen zwischen Bahn und  Lufthansa-Piloten, aber was soll&#8217;s.<br> <\/p>\n","protected":false},"excerpt":{"rendered":"<p>Der Kapitalismus ist eine feine Sache. Er ist so viel besser als der Kommunismus. Er bringt nur Vorteile. Nur nicht allen. Scheinbar gibt es aber auch Nachteile. So kommen viele Leute momentan schlechter zu ihren Arbeitspl\u00e4tzen. Und wer ist schuld? Die Idioten von der GDL. Mit Herrn Weselsky.Da muss man was tun, da sind sich &hellip; <a href=\"https:\/\/www.palandun.de\/index.php\/2015\/05\/06\/wir-streiken-weiter\/\" class=\"more-link\"><span class=\"screen-reader-text\">\u201eWir streiken weiter\u201c <\/span>weiterlesen<\/a><\/p>\n","protected":false},"author":2,"featured_media":0,"comment_status":"open","ping_status":"closed","sticky":false,"template":"","format":"standard","meta":{"footnotes":""},"categories":[2],"tags":[],"class_list":["post-534","post","type-post","status-publish","format-standard","hentry","category-satire"],"_links":{"self":[{"href":"https:\/\/www.palandun.de\/index.php\/wp-json\/wp\/v2\/posts\/534","targetHints":{"allow":["GET"]}}],"collection":[{"href":"https:\/\/www.palandun.de\/index.php\/wp-json\/wp\/v2\/posts"}],"about":[{"href":"https:\/\/www.palandun.de\/index.php\/wp-json\/wp\/v2\/types\/post"}],"author":[{"embeddable":true,"href":"https:\/\/www.palandun.de\/index.php\/wp-json\/wp\/v2\/users\/2"}],"replies":[{"embeddable":true,"href":"https:\/\/www.palandun.de\/index.php\/wp-json\/wp\/v2\/comments?post=534"}],"version-history":[{"count":1,"href":"https:\/\/www.palandun.de\/index.php\/wp-json\/wp\/v2\/posts\/534\/revisions"}],"predecessor-version":[{"id":535,"href":"https:\/\/www.palandun.de\/index.php\/wp-json\/wp\/v2\/posts\/534\/revisions\/535"}],"wp:attachment":[{"href":"https:\/\/www.palandun.de\/index.php\/wp-json\/wp\/v2\/media?parent=534"}],"wp:term":[{"taxonomy":"category","embeddable":true,"href":"https:\/\/www.palandun.de\/index.php\/wp-json\/wp\/v2\/categories?post=534"},{"taxonomy":"post_tag","embeddable":true,"href":"https:\/\/www.palandun.de\/index.php\/wp-json\/wp\/v2\/tags?post=534"}],"curies":[{"name":"wp","href":"https:\/\/api.w.org\/{rel}","templated":true}]}}