{"id":578,"date":"2018-03-27T14:22:00","date_gmt":"2018-03-27T14:22:00","guid":{"rendered":"https:\/\/www.palandun.de\/?p=578"},"modified":"2020-02-29T14:23:13","modified_gmt":"2020-02-29T14:23:13","slug":"sicherheit-2","status":"publish","type":"post","link":"https:\/\/www.palandun.de\/index.php\/2018\/03\/27\/sicherheit-2\/","title":{"rendered":"Sicherheit"},"content":{"rendered":"\n<p>Ich f\u00fchle mich wieder sicher in Deutschland. Deutschland hat jetzt \nein Ministerium f\u00fcr Inneres, Heimat und Bau. Quasi ein Superministerium.\n Ein Ministerium, dass einen ganzen Mann fordert. So einen Voll-Horst.<\/p>\n\n\n\n<p>Herr Seehofer verspricht jetzt, Deutschland so sicher zu machen wie Bayern. Das ist schon mal nett.<\/p>\n\n\n\n<p>Als erstes wird er sich sicher vornehmen, Baden-W\u00fcrttemberg \nunsicherer zu machen. Die haben n\u00e4mlich rund 14% weniger Straftaten pro \nEinwohner als Bayern.<\/p>\n\n\n\n<p>Wahrscheinlich schickt er einfach ein paar Berliner hin, die sind n\u00e4mlich besonders aktiv.<\/p>\n\n\n\n<p>Und da z\u00e4hlen die Bundespolitiker gar nicht dazu.<\/p>\n\n\n\n<p>Bayern gilt als das sicherste Bundesland. Bei der CSU. Mit Hilfe der \nKriminalstatistik. Weil sie sich gar nicht f\u00fcr die H\u00e4ufigkeit von F\u00e4llen\n in der Kriminalstatistik beziehen, sondern beispielsweise auf die \nAufkl\u00e4rungsrate.<\/p>\n\n\n\n<p>Die ist in Bayern wirklich h\u00f6her als in anderen Bundesl\u00e4ndern. Wobei \nich jetzt mehr davon h\u00e4tte, wenn der Fall gar nicht erst eingetreten \nw\u00e4re &#8211; wie in Baden-W\u00fcrttemberg.<\/p>\n\n\n\n<p>Ein Gl\u00fccksfall sind zum Beispiel Selbstmordanschl\u00e4ge: die d\u00fcrften die beste Aufkl\u00e4rungsrate haben.<\/p>\n\n\n\n<p>Wenn man aber schon mit Statistik l\u00fcgt, kann man auch gleich sagen: in Berlin ist es am besten.<\/p>\n\n\n\n<p>Die haben zwar die h\u00f6chste Kriminalit\u00e4tsrate und die niedrigste \nAufkl\u00e4rungsrate &#8211; aber die meisten gekl\u00e4rten F\u00e4lle pro 100000 Einwohner.<\/p>\n\n\n\n<p>Was in Bayern besonders auff\u00e4llt: die nichtdeutschen Tatverd\u00e4chtigen.\n Das sind 59,6% aller Verd\u00e4chtigen. Mehr als in anderenBundesl\u00e4ndern. \nAchtung: es geht um die Verd\u00e4chtigen, nicht um die T\u00e4ter.<\/p>\n\n\n\n<p>Anders gesagt: in Bayern scheint man besonders auf nichtdeutsche \nTatverd\u00e4chtige zu stehen. Danach kommen dann die Nicht-Bayern, also \nFranken.<\/p>\n\n\n\n<p>Spannend w\u00e4re f\u00fcr mich der Anstieg der Kriminalit\u00e4tsrate, wenn man \npr\u00fcgelnde Fu\u00dfballfans mal konsequent reinrechnen w\u00fcrde. Dann w\u00fcrde \nvermutlich das Saarland endlich mal ganz gut abschneiden&#8230;<\/p>\n\n\n\n<p>In Bayern kann man sich aber jetzt wirklich sicher f\u00fchlen. Zum \nBeispiel ist das neue bayrische Polizeigesetz endlich ein Schritt in die\n richtige Richtung. Das erlaubt Festhalten ohne l\u00e4stige Zeitbegrenzung \nund ohne l\u00e4stigen konkreten Verdacht. Da kann die Polizei mal pr\u00e4ventiv \nvorgehen. Nehmen wir mal ein Beispiel: da wird wieder mal ein \nG8\/G7\/G20\/G-NachHause-Gipfel in Bayern veranstaltet. Da kann man mal \npr\u00e4ventiv alle Protestierenden oder m\u00f6glicherweise Protestierenden in \nGewahrsam nehmen. Sagen wir mal alle, die sich mehr als 20 Kilometer den\n Politikern n\u00e4hern. Gut, das kann auch nach hinten losgehen. Wenn die \nbayrische Polizei aus Versehen die K\u00f6che festnimmt und auch den \nPizzaboten nicht durchl\u00e4sst, dann m\u00fcssen die Politiker sich mal wieder \nselbst Schnittchen machen.<\/p>\n\n\n\n<p>Journalisten kann es da gerne auch erwischen. Aber da ist man doch im\n Trend. Da r\u00fcckt sogar die T\u00fcrkei wieder an Bayern ran. Oder umgekehrt.<\/p>\n\n\n\n<p>Nebenbei: T\u00fcrkei klingt immer schlimmer als es ist. Es gibt auch \nLeute, die da gut zurechtkommen. Zum Beispiel Korrespondenten der \nBILD-Zeitung. Erdogan hat bisher nur Journalisten verhaften lassen, da \nsind die BILDler schon gesch\u00fctzt.\nNur Deniz Y\u00fccel w\u00fcrde ich jetzt nicht empfehlen, nach Bayern zu gehen.\n                \t\t\t\t\t              \n\n<\/p>\n","protected":false},"excerpt":{"rendered":"<p>Ich f\u00fchle mich wieder sicher in Deutschland. Deutschland hat jetzt ein Ministerium f\u00fcr Inneres, Heimat und Bau. Quasi ein Superministerium. Ein Ministerium, dass einen ganzen Mann fordert. So einen Voll-Horst. Herr Seehofer verspricht jetzt, Deutschland so sicher zu machen wie Bayern. Das ist schon mal nett. Als erstes wird er sich sicher vornehmen, Baden-W\u00fcrttemberg unsicherer &hellip; <a href=\"https:\/\/www.palandun.de\/index.php\/2018\/03\/27\/sicherheit-2\/\" class=\"more-link\"><span class=\"screen-reader-text\">\u201eSicherheit\u201c <\/span>weiterlesen<\/a><\/p>\n","protected":false},"author":2,"featured_media":0,"comment_status":"open","ping_status":"closed","sticky":false,"template":"","format":"standard","meta":{"footnotes":""},"categories":[2],"tags":[],"class_list":["post-578","post","type-post","status-publish","format-standard","hentry","category-satire"],"_links":{"self":[{"href":"https:\/\/www.palandun.de\/index.php\/wp-json\/wp\/v2\/posts\/578","targetHints":{"allow":["GET"]}}],"collection":[{"href":"https:\/\/www.palandun.de\/index.php\/wp-json\/wp\/v2\/posts"}],"about":[{"href":"https:\/\/www.palandun.de\/index.php\/wp-json\/wp\/v2\/types\/post"}],"author":[{"embeddable":true,"href":"https:\/\/www.palandun.de\/index.php\/wp-json\/wp\/v2\/users\/2"}],"replies":[{"embeddable":true,"href":"https:\/\/www.palandun.de\/index.php\/wp-json\/wp\/v2\/comments?post=578"}],"version-history":[{"count":1,"href":"https:\/\/www.palandun.de\/index.php\/wp-json\/wp\/v2\/posts\/578\/revisions"}],"predecessor-version":[{"id":579,"href":"https:\/\/www.palandun.de\/index.php\/wp-json\/wp\/v2\/posts\/578\/revisions\/579"}],"wp:attachment":[{"href":"https:\/\/www.palandun.de\/index.php\/wp-json\/wp\/v2\/media?parent=578"}],"wp:term":[{"taxonomy":"category","embeddable":true,"href":"https:\/\/www.palandun.de\/index.php\/wp-json\/wp\/v2\/categories?post=578"},{"taxonomy":"post_tag","embeddable":true,"href":"https:\/\/www.palandun.de\/index.php\/wp-json\/wp\/v2\/tags?post=578"}],"curies":[{"name":"wp","href":"https:\/\/api.w.org\/{rel}","templated":true}]}}