{"id":746,"date":"2019-05-25T17:43:00","date_gmt":"2019-05-25T17:43:00","guid":{"rendered":"https:\/\/www.palandun.de\/?p=746"},"modified":"2020-02-29T17:43:53","modified_gmt":"2020-02-29T17:43:53","slug":"axel-voss-europaabgeordneter-des-jahres","status":"publish","type":"post","link":"https:\/\/www.palandun.de\/index.php\/2019\/05\/25\/axel-voss-europaabgeordneter-des-jahres\/","title":{"rendered":"Axel Voss Europaabgeordneter des Jahres"},"content":{"rendered":"\n<p>Axel Voss ist gl\u00fccklich. Er wurde zum Europaabgeordneten des Jahres \ngew\u00e4hlt. Vom The Parliament Magazin. Weil er einen wesentlichen Beitrag \nzur Rolle des Europ\u00e4ischen Parlaments in Bezug auf Gesetzgebung, \nAufsicht und Haushalt geleistet hat.<br> Und weil er dazu beigetragen hat, die europ\u00e4ische Gesellschaft zum Besseren zu ver\u00e4ndern.<\/p>\n\n\n\n<p> Axel Voss.<br> Der Mann, der bis jetzt nicht wei\u00df, was der eigene Gesetzestext bedeutet und diesen gerne mal falsch deutet.<br> Der Mann, der die Gegner seines Gesetzesvorhabens mal spontan als Bots oder fremdgesteuert bezeichnet.<br>\n Der Mann, der &#8222;nicht das Gef\u00fchl hat, dass sich Demonstranten inhaltlich\n mit dem Artikel 13 besch\u00e4ftigten&#8220;, w\u00e4hrend er das scheinbar auch nicht \ngemacht hat&#8230;<br> Anders gesagt: starke inhaltliche Fehler und hartes Austeilen gegen seine Gegner&#8230; das muss belohnt werden.<\/p>\n","protected":false},"excerpt":{"rendered":"<p>Axel Voss ist gl\u00fccklich. Er wurde zum Europaabgeordneten des Jahres gew\u00e4hlt. Vom The Parliament Magazin. Weil er einen wesentlichen Beitrag zur Rolle des Europ\u00e4ischen Parlaments in Bezug auf Gesetzgebung, Aufsicht und Haushalt geleistet hat. Und weil er dazu beigetragen hat, die europ\u00e4ische Gesellschaft zum Besseren zu ver\u00e4ndern. Axel Voss. Der Mann, der bis jetzt nicht &hellip; <a href=\"https:\/\/www.palandun.de\/index.php\/2019\/05\/25\/axel-voss-europaabgeordneter-des-jahres\/\" class=\"more-link\"><span class=\"screen-reader-text\">\u201eAxel Voss Europaabgeordneter des Jahres\u201c <\/span>weiterlesen<\/a><\/p>\n","protected":false},"author":2,"featured_media":0,"comment_status":"open","ping_status":"closed","sticky":false,"template":"","format":"standard","meta":{"footnotes":""},"categories":[6],"tags":[],"class_list":["post-746","post","type-post","status-publish","format-standard","hentry","category-in-kuerze"],"_links":{"self":[{"href":"https:\/\/www.palandun.de\/index.php\/wp-json\/wp\/v2\/posts\/746","targetHints":{"allow":["GET"]}}],"collection":[{"href":"https:\/\/www.palandun.de\/index.php\/wp-json\/wp\/v2\/posts"}],"about":[{"href":"https:\/\/www.palandun.de\/index.php\/wp-json\/wp\/v2\/types\/post"}],"author":[{"embeddable":true,"href":"https:\/\/www.palandun.de\/index.php\/wp-json\/wp\/v2\/users\/2"}],"replies":[{"embeddable":true,"href":"https:\/\/www.palandun.de\/index.php\/wp-json\/wp\/v2\/comments?post=746"}],"version-history":[{"count":1,"href":"https:\/\/www.palandun.de\/index.php\/wp-json\/wp\/v2\/posts\/746\/revisions"}],"predecessor-version":[{"id":747,"href":"https:\/\/www.palandun.de\/index.php\/wp-json\/wp\/v2\/posts\/746\/revisions\/747"}],"wp:attachment":[{"href":"https:\/\/www.palandun.de\/index.php\/wp-json\/wp\/v2\/media?parent=746"}],"wp:term":[{"taxonomy":"category","embeddable":true,"href":"https:\/\/www.palandun.de\/index.php\/wp-json\/wp\/v2\/categories?post=746"},{"taxonomy":"post_tag","embeddable":true,"href":"https:\/\/www.palandun.de\/index.php\/wp-json\/wp\/v2\/tags?post=746"}],"curies":[{"name":"wp","href":"https:\/\/api.w.org\/{rel}","templated":true}]}}