{"id":753,"date":"2013-09-20T21:21:48","date_gmt":"2013-09-20T21:21:48","guid":{"rendered":"https:\/\/www.palandun.de\/?p=753"},"modified":"2020-02-29T21:22:13","modified_gmt":"2020-02-29T21:22:13","slug":"angie","status":"publish","type":"post","link":"https:\/\/www.palandun.de\/index.php\/2013\/09\/20\/angie\/","title":{"rendered":"Angie"},"content":{"rendered":"\n<p>\nHerzlichen Gl\u00fcckwunsch schon mal, Angie! Auf weitere 4 Jahre!<\/p>\n\n\n\n<p>Im \nAusland wird behauptet, Deutsche h\u00e4tten keinen Humor. Das stimmt nicht. \nWir haben Kohl zum Kanzler gew\u00e4hlt, wir haben Schr\u00f6der gew\u00e4hlt, wir \nhaben Merkel&#8230; Westerwelle erw\u00e4hne ich gar nicht<\/p>\n\n\n\n<p>Ich bin \n\u00fcbrigens strikt f\u00fcr Kinderwahlrecht. Ob jetzt Kinder w\u00e4hlen oder \n60j\u00e4hrige mit der Einstellung \u201eIch habe schon immer SPD gew\u00e4hlt\u201c. Kinder\n verstehen nichts von Politik. Damit sind sie die idealen W\u00e4hler.<\/p>\n\n\n\n<p>Ich\n bin gespannt, wer jetzt ins Kabarett kommt. Kabinett. Der Unterschied \nist flie\u00dfend. Das Verh\u00e4ltnis zwischen Kabarettisten und Politikern ist \nja auch immer so eine Sache. Merkel und ich haben da eine Vereinbarung. \nDie ist ganz einfach: Ich verstehe \u00fcberhaupt nichts von ihrem Job. Und \nsie auch nicht.<\/p>\n\n\n\n<p>Deutsches Kabinett ist doch wie Seifenoper:<\/p>\n\n\n\n<p>Angie: die Karrierefrau. Leiterin des Unternehmens.<\/p>\n\n\n\n<p>Wolfgang:\n der Schwerbehindertenvertreter.&nbsp; Und Geldverwalter des kleinen \nFamilienimperiums. Hat immer Angst, dass die Griechen vor der T\u00fcr stehen\n und skandieren: \u201eSch\u00e4uble, wir wissen wo dein Sparschwein steht.\u201c<\/p>\n\n\n\n<p>De Maiziere: der missratene Sohn, der mittels technischer Hilfsmittel versucht, seine Eltern beim Sex auszusp\u00e4hen.<\/p>\n\n\n\n<p>Guido:\n der Vorzeigeschwule. Obwohl: vielleicht l\u00e4uft Guido und R\u00f6sler und der \nBr\u00fcderle gar nicht auf dem gleichen Sender, sondern auf so einem \nSpartenkanal, von dem keiner mehr wei\u00df, warum es den \u00fcberhaupt noch \ngibt.<\/p>\n\n\n\n<p>Uschi von der Leyen: die Geb\u00e4rmutter der Nation, so eine \nMutter Beimer 2.0. Wollte immer Angies Platz, hat aber stattdessen \nKinder bekommen. Schrieb aus Frust das Traktat \u201eIst die Festplatte der \nbeste Weg zur Kindersicherung?\u201c<\/p>\n\n\n\n<p>Friedrich: der spielt Columbo. \nAber mit zwei Glasaugen. Dann passt er auf die kleinen Amerikaner und \nEngl\u00e4nder auf: \u201eich hab nix gesehen, ich hab nix gesehen\u201c. Aber er steht\n voll f\u00fcr Deutschland ein: \u201eDeutschland \u2013 das sind doch die mit den \nSternen und Streifen?\u201c<\/p>\n\n\n\n<p>Nebenbei: laut Friedrich haben wir ein \nGrundrecht auf Sicherheit, st\u00e4rker als alle anderen Grundrechte. Steht \nnicht im Gesetz, aber ist so grundrechtlich grunds\u00e4tzlich, da kann man \nnicht drum rum. Auf der anderen Seite: wenn uns irgendwer im Internet \naussp\u00e4ht, dann sollen wir gef\u00e4lligst selbst f\u00fcr unsere Sicherheit \nsorgen, da kann der Staat nichts machen.<\/p>\n\n\n\n<p>Eigentlich haben wir nur\n ein Grundrecht auf die Sicherheit, dass der Minister \u00fcberhaupt keine \nAhnung hat von dem, was er da tut. Oder nicht tut.<\/p>\n\n\n\n<p>Wenn Friedrich\n Columbo spielt, dann wechseln sich Wanka, Bahr und Altmeier als Frau \nColumbo ab. Man wei\u00df, dass es sie gibt, aber man sieht sie nicht. Hin \nund wieder werden sie erw\u00e4hnt.<\/p>\n\n\n\n<p>Ramsauer: Stromberg. An nichts schuld, vor allen Dingen nicht, was sein Ressort betrifft.<\/p>\n\n\n\n<p>Ganz\n ehrlich: wer den Ramsauer erfunden hat, bekam eine Extrapr\u00e4mie. Der ist\n so gut, den gibt es nicht. Der Ramsauer sagt doch morgens zu seinem \nSpiegelbild: Du bist schuld, ich nicht.<\/p>\n\n\n\n<p>Der ist an der Bahnmisere nicht schuld, als Minister, der daf\u00fcr zust\u00e4ndig ist.<\/p>\n\n\n\n<p>Ramsauer\n kann noch einmal kl\u00e4ren, wann Radfahrer an Ampeln fahren d\u00fcrfen. Gilt \ndie Fu\u00dfg\u00e4nger- oder die Autoampel? Das ist mittlerweile nicht so \neinfach, weil man die Gesetze spontan an die Fahrradampeln angepasst \nhat. Ich habe \u00fcbrigens schon eine gesehen\u2026<\/p>\n\n\n\n<p>Die Gesetzlage ist mittlerweile so kompliziert, selbst Hochbegabte scheitern daran.<\/p>\n\n\n\n<p>Aber Schimpfen \u00fcber Radfahrer: das kann er.<\/p>\n\n\n\n<p>F\u00fcr\n Ampeln ist \u00fcbrigens Frau Aigner zust\u00e4ndig. Wenn Dirk Niebel mit seinem \nfliegenden Teppich wieder mal zu schnell vorbeihuscht, ist das kein \nProblem. Die Ampel h\u00e4lt nur zu schnell fettende Lebensmittel auf.<\/p>\n\n\n\n<p>Hausaufgabe:\n jeder denkt sich jetzt aus, was Leuth\u00e4user-Schnarrenberger, Pofalla und\n Schr\u00f6der in der Geschichte sollen. Die wissen das selbst nicht. Die \ngeben auch kaum etwas raus. Bei Leith\u00e4user-Schnarrenberger kann ich das \nverstehen. Mit dem Namen ist die ja den ganzen Tag besch\u00e4ftigt, wenn sie\n nur 3 Gesetze unterschreiben muss.<\/p>\n\n\n\n<p>Wenn die Schuldenkrise endlich uns betrifft, kommt dann \u201eRaus aus den Schulden.\u201c <\/p>\n\n\n\n<p>Peter\n Zwegat besucht die Familie Merkel. Die Mutter opfert sich in einem 48 \nStunden-Job auf. Vater Wolfgang sitzt im Rollstuhl. Sohn Guido will ganz\n viel Geld f\u00fcr eine Steuererleichterung rausschmei\u00dfen.<\/p>\n\n\n\n<p>Was wird Peter Zwegat sagen? \u201eDa m\u00fcssen sie mal Griechenland verkaufen. So teure Hobbies k\u00f6nnen Sie sich nicht mehr leisten.\u201c<\/p>\n\n\n\n<p>Wenn\n Angie einmal mit der Politik aufh\u00f6rt, kann sie auf die B\u00fcrger zugehen. \nDer Angienator. Bei RTL. Sie kl\u00e4rt dann Nachbarschaftsstreits. Da hat \nsie genug Erfahrung aus der EU. Der Nachbar kippt Essensreste in die \nbraune M\u00fclltonne? \u201eDann muss der Nachbar mal mit der braunen Tonne \nreden&#8230;\u201c<\/p>\n\n\n\n<p>Und wenn jetzt jemand fragt, warum ich \u00fcber Steinbr\u00fcck \nnichts schreibe: der Mann ist doch eine Fehlbesetzung. Die Serie braucht\n doch einen starken Gegenspieler wie Cliff Barnes aus Dallas, Hannibal \nLector oder Imperator Palpatine.<\/p>\n\n\n\n<p>Und was kriegen wir? \nSteinbr\u00fcck,&nbsp; Steinmeier, Gabriel und Nahles. Wenn die letztere sich \nhalbwegs verkleidet und nicht wieder Pippi Langstrumpf spielt, reicht \ndas trotzdem gerade mal f\u00fcr die Daltons. Und Lucky Merkel wird wieder \nSieger. <br><\/p>\n","protected":false},"excerpt":{"rendered":"<p>Herzlichen Gl\u00fcckwunsch schon mal, Angie! Auf weitere 4 Jahre! Im Ausland wird behauptet, Deutsche h\u00e4tten keinen Humor. Das stimmt nicht. Wir haben Kohl zum Kanzler gew\u00e4hlt, wir haben Schr\u00f6der gew\u00e4hlt, wir haben Merkel&#8230; Westerwelle erw\u00e4hne ich gar nicht Ich bin \u00fcbrigens strikt f\u00fcr Kinderwahlrecht. Ob jetzt Kinder w\u00e4hlen oder 60j\u00e4hrige mit der Einstellung \u201eIch habe &hellip; <a href=\"https:\/\/www.palandun.de\/index.php\/2013\/09\/20\/angie\/\" class=\"more-link\"><span class=\"screen-reader-text\">\u201eAngie\u201c <\/span>weiterlesen<\/a><\/p>\n","protected":false},"author":2,"featured_media":0,"comment_status":"open","ping_status":"closed","sticky":false,"template":"","format":"standard","meta":{"footnotes":""},"categories":[2],"tags":[],"class_list":["post-753","post","type-post","status-publish","format-standard","hentry","category-satire"],"_links":{"self":[{"href":"https:\/\/www.palandun.de\/index.php\/wp-json\/wp\/v2\/posts\/753","targetHints":{"allow":["GET"]}}],"collection":[{"href":"https:\/\/www.palandun.de\/index.php\/wp-json\/wp\/v2\/posts"}],"about":[{"href":"https:\/\/www.palandun.de\/index.php\/wp-json\/wp\/v2\/types\/post"}],"author":[{"embeddable":true,"href":"https:\/\/www.palandun.de\/index.php\/wp-json\/wp\/v2\/users\/2"}],"replies":[{"embeddable":true,"href":"https:\/\/www.palandun.de\/index.php\/wp-json\/wp\/v2\/comments?post=753"}],"version-history":[{"count":1,"href":"https:\/\/www.palandun.de\/index.php\/wp-json\/wp\/v2\/posts\/753\/revisions"}],"predecessor-version":[{"id":754,"href":"https:\/\/www.palandun.de\/index.php\/wp-json\/wp\/v2\/posts\/753\/revisions\/754"}],"wp:attachment":[{"href":"https:\/\/www.palandun.de\/index.php\/wp-json\/wp\/v2\/media?parent=753"}],"wp:term":[{"taxonomy":"category","embeddable":true,"href":"https:\/\/www.palandun.de\/index.php\/wp-json\/wp\/v2\/categories?post=753"},{"taxonomy":"post_tag","embeddable":true,"href":"https:\/\/www.palandun.de\/index.php\/wp-json\/wp\/v2\/tags?post=753"}],"curies":[{"name":"wp","href":"https:\/\/api.w.org\/{rel}","templated":true}]}}