{"id":816,"date":"2020-04-12T20:08:17","date_gmt":"2020-04-12T20:08:17","guid":{"rendered":"https:\/\/www.palandun.de\/?p=816"},"modified":"2020-08-26T06:31:13","modified_gmt":"2020-08-26T06:31:13","slug":"corona-4","status":"publish","type":"post","link":"https:\/\/www.palandun.de\/index.php\/2020\/04\/12\/corona-4\/","title":{"rendered":"Corona 4"},"content":{"rendered":"\n<p>Neueste Erkenntnisse:<br>1. Corona SARS-CoV-2 verursacht Sch\u00e4den im Hirn.<br>2. Die Verbreitung scheint weitaus st\u00e4rker zu sein als angenommen.<\/p>\n\n\n\n<p>Beweis:<br>1. CSU +15%<br>2. Umfragewerte Trump gestiegen<br>3. Blockwarte kriegen Zuspruch<\/p>\n\n\n\n<p>Es ist die Zeit der starken M\u00e4nner.<br>Gewinner laut Umfragen sind beispielsweise Donald Trump und Markus S\u00f6der (CSU +15%).<br>In Zeiten der Krise sehnen sich Leute nach starken M\u00e4nnern. Besser gesagt: nach Leuten, die stark wirken.<\/p>\n\n\n\n<p>Donald Trump und sein von ihm als Corona-Bew\u00e4ltiger eingesetzte Schwiegersohn zeigen seit Wochen absolute Unf\u00e4higkeit.<br>Ich meine jetzt nur die Unf\u00e4higkeit bei der Bew\u00e4ltigung der Pandemie, die Grundidiotie klammere ich mal aus.<br>Daraus resultiert eine vollkommen unn\u00f6tig hohe Rate an Toten. Zum Vergleich: bei Obama forderte Trump den R\u00fccktritt, nachdem 2 Amerikaner an Ebola gestorben waren.<\/p>\n\n\n\n<p>Markus S\u00f6der prescht voran mit seinen Ausgangssperren und gilt deswegen als Macher. Obwohl jetzt noch nicht so wirklich klar ist, ob seine Ausgangssperre hilft.<br>Zur Erinnerung: kurz vor der Ausgangssperre hat er nochmal eine Coronaparty in Form einer Kommunalwahl gefeiert.<br>Vor deren Durchf\u00fchrung hatten ihn Experten gewarnt.<\/p>\n\n\n\n<p>Wobei seine Aktivit\u00e4ten vermutlich auch ein bisschen der Kanzlerkandidaturfrage geschuldet sind. Laschet und S\u00f6der punkten gerade immer dann, wenn sie den anderen \u00fcbertrumpfen.<br>Was dem S\u00f6der seiner Ausgangssperre, war dem Laschet sein Bu\u00dfgeldkatalog.<\/p>\n\n\n\n<p>Und die Regeln wirken. Der Deutsche zeigt wieder seine h\u00e4\u00dfliche Fratze. In beide Richtungen.<\/p>\n\n\n\n<p>Da sind nat\u00fcrlich auf der einen Seite diejenigen, die sich nicht an sinnvolle Verbote halten.<br>Auf der anderen Seite sind dort die Fanatiker.<br>Diejenigen, die unter jedes Foto mit Menschen in der Natur dar\u00fcber hetzen, dass diese sich nicht an die Ausgangssperre halten w\u00fcrden. Auch wenn die gar nicht in allen Bundesl\u00e4ndern gilt und unterschiedliche Ausmasse hat.<br>Ordnungskr\u00e4fte, die Leute von Parkbanken aufscheuchen.<br>Leute, die anderen Leuten die Polizei auf den Hals hetzen, w\u00e4hrend sie die Regeln nicht verstanden haben, aber auf jeden Fall durchgesetzt haben wollen.<\/p>\n\n\n\n<p>Das Demonstrationsrecht und die Versammlungsfreiheit ist ausgesetzt. Die Grundrechte werden stark eingeschr\u00e4nkt &#8211; teilweise ohne Pr\u00fcfung, ob einzelne Ma\u00dfnahmen vielleicht nicht doch \u00fcber das Ziel hinausschie\u00dfen.<br>In Schulen und Firmen werden Notl\u00f6sungen genutzt, um Homeoffice m\u00f6glich zu machen. Teilweise, ohne auf Datenschutz und Sicherheit zu achten.<br>Und merkt euch mal f\u00fcr die n\u00e4chsten Wahlen, dass die NRW-CDU ein Gesetz m\u00f6chte, mit dem man \u00c4rzte und Pfleger zwangsverpflichten kann.<\/p>\n\n\n\n<p>Ich habe keine Angst vor SARS-CoV-2. Ich akzeptiere, dass dieser eine gr\u00f6\u00dfere Gefahr ist als ein normaler Grippevirus, aber ich halte es f\u00fcr machbar, diese Gefahr zu verringern.<br>Wird ja auch gemacht. Und ich akzeptiere die gesetzlichen Ma\u00dfnahmen in Hessen. (Das Akzeptieren ist in Hessen auch einfacher als z.B. in Bayern)<br>Ich habe aber echt Angst davor, wie das Virus unseren Staat kaputt macht. Dass Politiker \u00fcber die erlaubten Grenzen gehen, ist nicht neu.<br>Das gerade in Bayern \u00fcberdreht wird, sieht man an dem Bayerischen Polizeiaufgabengesetz vom vorletzten Jahr.<br>Aber das Ausma\u00df und wieviel Beifall die Politiker daf\u00fcr momentan bekommen, ist be\u00e4ngstigend.<\/p>\n\n\n\n<p>(Um ein bisschen den Eindruck von Seri\u00f6sit\u00e4t zu vermitteln: zum Thema &#8222;Politiker missachten mal wieder ihre rechtlichen Grenzen&#8220; k\u00f6nnt ihr gerne mal <a href=\"https:\/\/verfassungsblog.de\/ausweispflicht-per-corona-verordnung\/?fbclid=IwAR0b4JDFuu2t9d6j-8K5z9m0vQ6sn1i-pDnQoW8nP7JD4CluiRKxuEnR6UM\" target=\"_blank\" rel=\"noreferrer noopener\">https:\/\/verfassungsblog.de\/ausweispflicht-per-corona-veror\u2026\/<\/a> lesen. Ist aber nix neues.)<\/p>\n","protected":false},"excerpt":{"rendered":"<p>Neueste Erkenntnisse:1. Corona SARS-CoV-2 verursacht Sch\u00e4den im Hirn.2. Die Verbreitung scheint weitaus st\u00e4rker zu sein als angenommen. Beweis:1. CSU +15%2. Umfragewerte Trump gestiegen3. Blockwarte kriegen Zuspruch Es ist die Zeit der starken M\u00e4nner.Gewinner laut Umfragen sind beispielsweise Donald Trump und Markus S\u00f6der (CSU +15%).In Zeiten der Krise sehnen sich Leute nach starken M\u00e4nnern. Besser gesagt: &hellip; <a href=\"https:\/\/www.palandun.de\/index.php\/2020\/04\/12\/corona-4\/\" class=\"more-link\"><span class=\"screen-reader-text\">\u201eCorona 4\u201c <\/span>weiterlesen<\/a><\/p>\n","protected":false},"author":2,"featured_media":0,"comment_status":"open","ping_status":"closed","sticky":false,"template":"","format":"standard","meta":{"footnotes":""},"categories":[22],"tags":[],"class_list":["post-816","post","type-post","status-publish","format-standard","hentry","category-corona"],"_links":{"self":[{"href":"https:\/\/www.palandun.de\/index.php\/wp-json\/wp\/v2\/posts\/816","targetHints":{"allow":["GET"]}}],"collection":[{"href":"https:\/\/www.palandun.de\/index.php\/wp-json\/wp\/v2\/posts"}],"about":[{"href":"https:\/\/www.palandun.de\/index.php\/wp-json\/wp\/v2\/types\/post"}],"author":[{"embeddable":true,"href":"https:\/\/www.palandun.de\/index.php\/wp-json\/wp\/v2\/users\/2"}],"replies":[{"embeddable":true,"href":"https:\/\/www.palandun.de\/index.php\/wp-json\/wp\/v2\/comments?post=816"}],"version-history":[{"count":1,"href":"https:\/\/www.palandun.de\/index.php\/wp-json\/wp\/v2\/posts\/816\/revisions"}],"predecessor-version":[{"id":817,"href":"https:\/\/www.palandun.de\/index.php\/wp-json\/wp\/v2\/posts\/816\/revisions\/817"}],"wp:attachment":[{"href":"https:\/\/www.palandun.de\/index.php\/wp-json\/wp\/v2\/media?parent=816"}],"wp:term":[{"taxonomy":"category","embeddable":true,"href":"https:\/\/www.palandun.de\/index.php\/wp-json\/wp\/v2\/categories?post=816"},{"taxonomy":"post_tag","embeddable":true,"href":"https:\/\/www.palandun.de\/index.php\/wp-json\/wp\/v2\/tags?post=816"}],"curies":[{"name":"wp","href":"https:\/\/api.w.org\/{rel}","templated":true}]}}