{"id":840,"date":"2020-05-18T06:19:00","date_gmt":"2020-05-18T06:19:00","guid":{"rendered":"https:\/\/www.palandun.de\/?p=840"},"modified":"2020-08-26T06:31:25","modified_gmt":"2020-08-26T06:31:25","slug":"corona-update-18-5-2020","status":"publish","type":"post","link":"https:\/\/www.palandun.de\/index.php\/2020\/05\/18\/corona-update-18-5-2020\/","title":{"rendered":"Corona 7"},"content":{"rendered":"\n<p>Jetzt mal meine Meinung zu den Corona-Demonstrationen, Hygienedemonstrationen etc.: ich finde die M\u00f6glichkeit, zu demonstrieren, richtig.Die Versammlungsfreiheit und die Meinungsfreiheit sind ein hohes Gut.Selbst inhaltlich kann ich einen Kernpunkt nachvollziehen: sind die Anti-Corona-Ma\u00dfnahmen angemessen?Beispielsweise: ist die Maskenpflicht angemessen? Ist die KiTa-Schlie\u00dfung angemessen? Ist die Schulschlie\u00dfung angemessen?Das sind valide Fragen &#8211; und es kann auch keiner mit Sicherheit sagen. Sollte jemand sich ganz sicher sein, dann lasse er sich bitte untersuchen auf seinen Umgang mit fehlenden und unsicheren Fakten oder auf Ministerpr\u00e4sidententum.<\/p>\n\n\n\n<p>Dabei gilt aber: Demonstranten m\u00fcssen sich an das Recht halten. Also Abstand halten. Masken tragen.Auch wenn es vielleicht das ist, wogegen man demonstriert.Man k\u00f6nnte das auch kreativ l\u00f6sen.<\/p>\n\n\n\n<p>Inhaltlich gibt es aber auf den Hygiene- und sonstigen Demonstrationen ziemliche M\u00e4ngel.<\/p>\n\n\n\n<p>1. da vergleichen Leute die Masken mit Judensternen. Das klingt logisch. Sind beides erkennbare Zeichen, mit denen eine Minderheit sichtbar ausgegrenzt und schlechter behandelt wird als der Rest. Jetzt ist die Minderheit momentan aber ungef\u00e4hr 100% gro\u00df (ein paar Leute d\u00fcrfen die Masken aus gesundheitlichen Gr\u00fcnden nicht tragen) und alle werden gleich behandelt.Da hapert der Vergleich.<\/p>\n\n\n\n<p>2. &#8222;S\u00e4mtliche Grundrechte sind aufgehoben&#8220;Ich habe jetzt spontan \u00fcberlegt, wie jetzt das Briefgeheimnis, das Erbrecht und das Recht auf sexuelle Selbstbestimmung beeintr\u00e4chtigt ist.Wobei: Bordelle sind geschlossen, vielleicht&#8230;Kleiner Tipp: die tats\u00e4chlich angegriffenen Rechte sind praktischerweise im Paragraph 28 des Infektionsschutzgesetzes genannt: Freiheit der Person, Versammlungsfreiheit, Freiz\u00fcgigkeit und Unverletzlichkeit der Wohnung werden eingeschr\u00e4nkt.Nutzt doch einfach mal die Fakten.<\/p>\n\n\n\n<p>3. &#8222;Wir sind auf dem Weg zur Diktatur&#8220;, &#8222;Wir sind in einer Diktatur&#8220;, &#8222;Ich darf meine Meinung nicht sagen&#8220;Kleiner Tipp: organisiert mal in der T\u00fcrkei eine Schwulendemo oder eine Demo gegen den Recep. Und dann sprechen wir uns wieder. Allerdings nur, wenn ich Zugang zum Gef\u00e4ngnis kriege.Da k\u00f6nnen wir dann von Diktatur und Einschr\u00e4nkung der Meinungsfreiheit reden.<\/p>\n\n\n\n<p>4. &#8222;Wir haben Meinungsfreiheit, also darf ich alles sagen&#8220;Nein. Verleumdungen und Beleidigungen sind nicht von der Meinungsfreiheit gedeckt.Und Meinungsfreiheit ist auch die Freiheit zu sagen, dass jemand Quatsch erz\u00e4hlt, d.h. Gegenrede ist genau von der Meinungsfreiheit gedeckt.<\/p>\n\n\n\n<p>Wenn Attila Hartmann und Xavier Naidoo den Mythos aufbauen, dass sie gegen den Strom des Systems schwimmen und einen Kopfschuss zu erwarten haben, dann kann man ihnen auch sagen:&#8220;Nein. Du schwimmst nicht gegen den Strom, sondern verdienst noch immer einen Haufen Kohle und bist ein freier Mann, trotz oder obwohl du eine Menge gequierlter Sch&#8230; von dir gibst, die auf keinerlei Fakten beruht, sondern nur darauf, dass Du das Lesen von irgendwelchen Internetseiten f\u00fcr Recherche h\u00e4ltst.&#8220;(Ich habe \u00fcbrigens keine Angst, dass die beiden mich verklagen, daf\u00fcr war der Satz zu lang.) <\/p>\n\n\n\n<p>Ich habe immer das Gef\u00fchl, dass die diejenigen, die mangelnde Meinungsfreiheit beklagen, eigentlich meinen, dass ihre Meinung die ausschlaggebende sein soll&#8230; oder dass das Recht auf Meinungsfreiheit bedeutet, dass gerade sie (und nicht 83 Mio andere Deutsche) das Recht haben, im Fernsehen ihre Meinung zu verk\u00fcnden, oder das Recht, dass ihnen alle zuh\u00f6ren. Man hat das Recht, seine Meinung zu \u00e4u\u00dfern &#8211; um die Plattform und die Zuh\u00f6renden muss man sich aber selbst k\u00fcmmern.<\/p>\n","protected":false},"excerpt":{"rendered":"<p>Jetzt mal meine Meinung zu den Corona-Demonstrationen, Hygienedemonstrationen etc.: ich finde die M\u00f6glichkeit, zu demonstrieren, richtig.Die Versammlungsfreiheit und die Meinungsfreiheit sind ein hohes Gut.Selbst inhaltlich kann ich einen Kernpunkt nachvollziehen: sind die Anti-Corona-Ma\u00dfnahmen angemessen?Beispielsweise: ist die Maskenpflicht angemessen? Ist die KiTa-Schlie\u00dfung angemessen? Ist die Schulschlie\u00dfung angemessen?Das sind valide Fragen &#8211; und es kann auch keiner &hellip; <a href=\"https:\/\/www.palandun.de\/index.php\/2020\/05\/18\/corona-update-18-5-2020\/\" class=\"more-link\"><span class=\"screen-reader-text\">\u201eCorona 7\u201c <\/span>weiterlesen<\/a><\/p>\n","protected":false},"author":2,"featured_media":0,"comment_status":"open","ping_status":"closed","sticky":false,"template":"","format":"standard","meta":{"footnotes":""},"categories":[22],"tags":[],"class_list":["post-840","post","type-post","status-publish","format-standard","hentry","category-corona"],"_links":{"self":[{"href":"https:\/\/www.palandun.de\/index.php\/wp-json\/wp\/v2\/posts\/840","targetHints":{"allow":["GET"]}}],"collection":[{"href":"https:\/\/www.palandun.de\/index.php\/wp-json\/wp\/v2\/posts"}],"about":[{"href":"https:\/\/www.palandun.de\/index.php\/wp-json\/wp\/v2\/types\/post"}],"author":[{"embeddable":true,"href":"https:\/\/www.palandun.de\/index.php\/wp-json\/wp\/v2\/users\/2"}],"replies":[{"embeddable":true,"href":"https:\/\/www.palandun.de\/index.php\/wp-json\/wp\/v2\/comments?post=840"}],"version-history":[{"count":2,"href":"https:\/\/www.palandun.de\/index.php\/wp-json\/wp\/v2\/posts\/840\/revisions"}],"predecessor-version":[{"id":846,"href":"https:\/\/www.palandun.de\/index.php\/wp-json\/wp\/v2\/posts\/840\/revisions\/846"}],"wp:attachment":[{"href":"https:\/\/www.palandun.de\/index.php\/wp-json\/wp\/v2\/media?parent=840"}],"wp:term":[{"taxonomy":"category","embeddable":true,"href":"https:\/\/www.palandun.de\/index.php\/wp-json\/wp\/v2\/categories?post=840"},{"taxonomy":"post_tag","embeddable":true,"href":"https:\/\/www.palandun.de\/index.php\/wp-json\/wp\/v2\/tags?post=840"}],"curies":[{"name":"wp","href":"https:\/\/api.w.org\/{rel}","templated":true}]}}