{"id":842,"date":"2020-05-23T06:25:00","date_gmt":"2020-05-23T06:25:00","guid":{"rendered":"https:\/\/www.palandun.de\/?p=842"},"modified":"2020-08-26T06:31:47","modified_gmt":"2020-08-26T06:31:47","slug":"corona-update-23-5-2020","status":"publish","type":"post","link":"https:\/\/www.palandun.de\/index.php\/2020\/05\/23\/corona-update-23-5-2020\/","title":{"rendered":"Corona 8"},"content":{"rendered":"\n<p>Heute werden sie wieder laufen auf den Hygienedemos\u2026<br>Deswegen wollte ich nochmal sagen:<\/p>\n\n\n\n<ol class=\"wp-block-list\"><li>ich finde die Demos erst mal gerechtigtfertigt.<\/li><li>nicht alles ist falsch, was Leute gegen Ma\u00dfnahmen sagen.<\/li><li>Das Demonstrationsrecht ist ein Grundrecht. Jeder hat die M\u00f6glichkeit, seine Meinung zu sagen.<br>Wenn es von Leuten mit einer abstrusen Meinung genutzt wird, so ist das nicht sch\u00f6n, aber spricht nicht daf\u00fcr, dass Demonstrationsrecht einzuschr\u00e4nken oder abzuschaffen.<br>Wenn Leute nicht auf Regeln wie Abstandswahrung achten, dann muss man im Einzelfall eingreifen und kann das nicht pr\u00e4ventiv verhindern, indem man Demos verhindert.<br>Man muss sich allerdings fragen, wie stark \u00fcber die Demos berichtet werden muss und welche Gespr\u00e4chspartner sich rauspickt. Aber momentan ist ja scheinbar saure Gurken-Zeit\u2026<\/li><li>Man muss bei Aussagen immer drauf achten, welche Qualit\u00e4t sie haben. Nur weil jemand g\u00e4ngigen Thesen widerspricht, ist er noch kein Verschw\u00f6rungstheoretiker.<br>Wann verbreitet jemand Verschw\u00f6rungstheorien?<br>Eindeutig ist es wohl, wenn jemand QAnon-Adrenochrome, Pizzagate oder Reptiliode in die Gegend tr\u00e4gt &#8211; also Sachen, f\u00fcr die es keine Beweise gibt, aber eine Menge Fakten dagegen.<br>Schwieriger wird es aber bei Sachen, die einen Kern haben.<br>Beispiel: Masken.<br>Aussage: Masken sind sch\u00e4dlich, denn man nimmt mehr CO2 auf.<br>Das stimmt nicht. Tats\u00e4chlich ist das wissenschaftlich untersucht, und die entsprechende Untersuchung ist auch leicht auffindbar.<br>Beispiel: Masken sind wie der Davidstern im 3. Reich.<br>Das ist schon sehr weit hergeholt. Im 3. Reich war das ein Zeichen f\u00fcr eine Minderheit, die unterdr\u00fcckt wurde (bis hin zum Mord).<br>Man k\u00f6nnte jetzt sagen: okay, dann nehmen wir diese Leute doch einfach mal und sperren sie f\u00fcr mehrere Monate in einen 4qm gro\u00dfen Verschlag, dann k\u00f6nnen sie da mitreden (das habe ich mir nicht ausgedacht, dass hatte sich das Leben f\u00fcr Hans Rosenthal ausgedacht, als der ein Kind war).<br>Der Kern ist aber, dass Leuten die Masken unangenehm sind, und sie nach Begr\u00fcndungen suchen.<br>Und es gibt tats\u00e4chlich welche: Leute mit Atemproblemen (z.B. Asthmatiker) K\u00d6NNEN Probleme mit den Masken kriegen, andere Leute kriegen Ausschlag davon.<br>Dennoch w\u00e4re es hier sch\u00f6n, wenn man einfach bei den tats\u00e4chlichen Symptomen bleiben k\u00f6nnte &#8211; wenn nur diejenigen, die wirklich Probleme damit haben, keine Masken tragen, d\u00fcrfte das unproblematisch sein.<br>Und wenn man nicht aus pers\u00f6nlichen Problemen oder aus Problemen, die andere Leute mit der Maske haben, etwas allgemeing\u00fcltiges machen. (&#8222;Ich kann damit nicht atmen! Damit ist das f\u00fcr alle schlecht!&#8220;)<br>Wer also gegen die Masken argumentiert, kann Verschw\u00f6rungstheoretiker sein (sie wollen uns unterdr\u00fccken!), er kann einfach Falschinformationen nicht durchdenken k\u00f6nnen (CO2), er kann sich selbst f\u00fcr zu wichtig nehmen (Davidstern) &#8211; oder er kann durchaus auch recht haben.<br>Es gibt aber neben der reinen Faktenlage noch die Einsch\u00e4tzungs- und Entscheidungsebene.<br>Wenn ich die Ma\u00dfnahmen betrachte, dann gibt es einige bis alle, die durchaus diskutabel sind. Das heisst nicht, dass ich gegen die Ma\u00dfnahmen bin, sondern dass die Ma\u00dfnahmen nicht 100% notwendig aus den Fakten resultieren.<br>S\u00e4mtliche Ma\u00dfnahmen sind ein Kompromiss &#8211; es gibt keine, die nicht auch negative Auswirkungen hat.<br>Beispiel:<br>Kinder d\u00fcrfen nicht in die Kita<br>Einerseits ist es unsch\u00f6n f\u00fcr die an der Arbeit gehinderten Eltern &#8211; andererseits kann das Spuren hinterlassen, beispielsweise Entwicklungsverz\u00f6gerungen (Sprachentwicklung). Auch schon nach &#8222;nur&#8220; 2 Monaten &#8211; f\u00fcr Kinder sind 2 Monate eine Ewigkeit.<br>Beispiel:<br>viele Einrichtungen werden geschlossen<br>Dadurch wurden eine Menge Leute arbeitslos oder kamen in Kurzarbeit UND h\u00e4ngen jetzt zuhause rum.<br>Daraus k\u00f6nnen psychische Probleme, Gewalt, sogar Selbstmorde etc. entstehen.<br>(Aber: das ist einleuchtend und f\u00fcr jeden verst\u00e4ndlich und insofern auch okay in der Diskussion. Was aber wieder die sachliche Ebene verl\u00e4sst: Leute, die behaupten, dass es beispielsweise weitaus gr\u00f6\u00dfere gesundheitliche Konsequenzen und Verluste durch Lebenszeit gibt wegen der Corona-Ma\u00dfnahmen als durch die Corona-Infektionen.<br>Au\u00dfer wenn das mal wissenschaftlich fundiert untersucht wird.)<br>Beispiel:<br>Leute im Altenheim durften keinen Besuch kriegen.<br>Dadurch machen wir auch Leuten das Leben zur H\u00f6lle, die gar nicht verstehen, warum wochenlang keiner vorbeikommt.<br>Dann kommt man in die Argumentation: ist 1 Monat verl\u00e4ngertes Vorsichhinsterben durch gesunkenes Corona-Risiko tats\u00e4chlich wertvoller als 1 Tag mit der Familie?<br>Es ist richtig, darauf aufmerksam zu machen.<br>Wenn ich das Problem Altenheim betrachte, dann ist es aber schwieriger als von mir gerade dargestellt. Vielleicht wird er eine Bewohner gl\u00fccklicher, weil die Familie vorbeikommt.<br>Auch wenn er dadurch Corona bekommt und eher stirbt. Er steckt dann aber vielleicht den Nebenmann an, der das nicht so sieht. Und die Pflegerin, die zuhause noch zwei Kinder hat\u2026<br>F\u00fcr mich sind die blossen Anh\u00e4nger von &#8222;Drosten hat immer recht, und s\u00e4mtliche Ma\u00dfnahmen gegen Corona sind immer gut&#8220; oder &#8222;Es gibt keinen anderen Weg&#8220; genauso sch\u00e4dlich wie die Verschw\u00f6rungsschwurbler.<br>Sinnvoll w\u00e4re vielleicht, die Leute an den beiden R\u00e4ndern des Spektrums (also die Schwurbler auf der einen und die fanatischen Infektionskurvenj\u00fcnger auf der anderen) einfach als das zu nehmen, was sie sind: Randerscheinungen.<\/li><\/ol>\n","protected":false},"excerpt":{"rendered":"<p>Heute werden sie wieder laufen auf den Hygienedemos\u2026Deswegen wollte ich nochmal sagen: ich finde die Demos erst mal gerechtigtfertigt. nicht alles ist falsch, was Leute gegen Ma\u00dfnahmen sagen. Das Demonstrationsrecht ist ein Grundrecht. Jeder hat die M\u00f6glichkeit, seine Meinung zu sagen.Wenn es von Leuten mit einer abstrusen Meinung genutzt wird, so ist das nicht sch\u00f6n, &hellip; <a href=\"https:\/\/www.palandun.de\/index.php\/2020\/05\/23\/corona-update-23-5-2020\/\" class=\"more-link\"><span class=\"screen-reader-text\">\u201eCorona 8\u201c <\/span>weiterlesen<\/a><\/p>\n","protected":false},"author":2,"featured_media":0,"comment_status":"open","ping_status":"closed","sticky":false,"template":"","format":"standard","meta":{"footnotes":""},"categories":[22],"tags":[],"class_list":["post-842","post","type-post","status-publish","format-standard","hentry","category-corona"],"_links":{"self":[{"href":"https:\/\/www.palandun.de\/index.php\/wp-json\/wp\/v2\/posts\/842","targetHints":{"allow":["GET"]}}],"collection":[{"href":"https:\/\/www.palandun.de\/index.php\/wp-json\/wp\/v2\/posts"}],"about":[{"href":"https:\/\/www.palandun.de\/index.php\/wp-json\/wp\/v2\/types\/post"}],"author":[{"embeddable":true,"href":"https:\/\/www.palandun.de\/index.php\/wp-json\/wp\/v2\/users\/2"}],"replies":[{"embeddable":true,"href":"https:\/\/www.palandun.de\/index.php\/wp-json\/wp\/v2\/comments?post=842"}],"version-history":[{"count":2,"href":"https:\/\/www.palandun.de\/index.php\/wp-json\/wp\/v2\/posts\/842\/revisions"}],"predecessor-version":[{"id":848,"href":"https:\/\/www.palandun.de\/index.php\/wp-json\/wp\/v2\/posts\/842\/revisions\/848"}],"wp:attachment":[{"href":"https:\/\/www.palandun.de\/index.php\/wp-json\/wp\/v2\/media?parent=842"}],"wp:term":[{"taxonomy":"category","embeddable":true,"href":"https:\/\/www.palandun.de\/index.php\/wp-json\/wp\/v2\/categories?post=842"},{"taxonomy":"post_tag","embeddable":true,"href":"https:\/\/www.palandun.de\/index.php\/wp-json\/wp\/v2\/tags?post=842"}],"curies":[{"name":"wp","href":"https:\/\/api.w.org\/{rel}","templated":true}]}}