{"id":844,"date":"2020-06-06T06:28:00","date_gmt":"2020-06-06T06:28:00","guid":{"rendered":"https:\/\/www.palandun.de\/?p=844"},"modified":"2020-08-26T06:31:41","modified_gmt":"2020-08-26T06:31:41","slug":"corona-update-6-6-2020","status":"publish","type":"post","link":"https:\/\/www.palandun.de\/index.php\/2020\/06\/06\/corona-update-6-6-2020\/","title":{"rendered":"Corona 9"},"content":{"rendered":"\n<p>Im Spiegel war ein Artikel, der sich damit besch\u00e4ftigte, ob 300 Euro ausreichen f\u00fcr das, was die Eltern in der Homeschooling-Phase alles \u00fcbernehmen mussten.<br>Tenor: N\u00f6.<br>Und dann kam nat\u00fcrlich wieder die Diskussion auf, wie schlecht es den Eltern geht, wieviel Alleinlebende die Blagen von anderen mitfinanzieren m\u00fcssen, etc.<br>Ich finde die Frage ziemlich unn\u00f6tig. Also: die 300 Euro sind kein Ablasshandel f\u00fcr das Versagen der Schulpolitik (das wiederum \u00fcberhaupt nichts mit Corona zu tun hat).<br>Sondern der Versuch 1. die Wirtschaft wieder anzukurbeln und 2. dabei den Eltern ein bisschen zu zeigen: wir denken an euch. Ich bef\u00fcrchte sogar, 2. kommt an.<br>Zukunftsgerichtet w\u00fcrde ich mich eher freuen, wenn damit Themen wie Umweltschutz oder Bildung angegangen werden w\u00fcrden\u2026 auf der anderen Seite ist das auch egoistisch, weil wir auf das Geld nicht angewiesen sind.<br>Ich freue mich also f\u00fcr alle Bekannten, die das Geld gut gebrauchen k\u00f6nnen, weil es bei ihnen doch etwas enger im Geldbeutel ist.<br>Die Frage, wie schlimm es Eltern haben und ob es okay ist, dass Alleinlebende deren Kinder mit Steuergeldern und Duldung von Kindergeschrei alimentieren, ist \u00fcbrigens f\u00fcr mich recht einfach zu beantworten:<\/p>\n\n\n\n<ol class=\"wp-block-list\"><li>jeder hat das Recht, Kinder zu kriegen oder sie halt nicht zu kriegen. Da ist keine Wertigkeit hinter.<\/li><li>Wir haben einen gesellschaftlichen Vertrag. Dieser besagt, dass wir uns in gewisser Weise helfen. Wir bauen uns Stra\u00dfen, haben ein Gesundheitssystem, ein Rentensystem und bilden Leute aus. Auf diesen Vertrag k\u00f6nnen sich Eltern (&#8222;der Staat unterst\u00fctzt mich beim Gro\u00dfziehen mit Bildung, Dienstleistungen und Geld&#8220;) genauso verlassen wie Kinderlose (sp\u00e4testens &#8222;irgendwer wischt im Alter meinen Hintern ab, obwohl ich selbst keinen Nachwuchs habe, der das machen kann&#8220;). Und beide m\u00fcssen anerkennen, dass der Vertrag auch Grenzen hat.<br>Ich sp\u00fcre aber so eine Art Wettbewerb: wer hat eigentlich an Corona am meisten gelitten? Oder wer leistet am meisten?<br>Waren es die Eltern?<br>Waren es die Unternehmer?<br>Waren es die Zwangs-Maskentr\u00e4ger?<br>Waren es die Mitarbeiter in Pflege und Gesundheitssystem?<br>(Wobei Werner Koczwara das mal gut zusammenfasste mit der Meldung &#8222;Weltuntergang &#8211; die Unternehmer traf es wieder am h\u00e4rtesten&#8220;)<br>Vielleicht w\u00e4re es mal gut, zuzugestehen: jemand anderes darf auch mal jammern, egal ob es Maskenpflicht ist oder Homeschooling-Terror oder Verdienstausfall. Und ich darf das auch mal machen. Und wir versuchen da mal nicht, der Beste im Jammern zu sein, sondern akzeptieren gegenseitig, dass Corona-Ma\u00dfnahmen f\u00fcr uns Nachteile bedeuteten und wir alle auch mal dr\u00fcber reden m\u00fcssen.<br>Um mal mit gutem Jammern voranzugehen:<br>Ich wei\u00df, dass ich dabei ziemlich privilegiert bin: mein Arbeitgeber hat es von Tag 1 an geschafft, Homeoffice zu erm\u00f6glichen (nur in der 1. Woche gab es manchmal Probleme, die daran lagen, dass Teams 800% Auslastung hatte im Vergleich zu vorher).<br>2 von 3 Kindern arbeiten selbstst\u00e4ndig an den Hausaufgaben (mehr oder weniger gut), nur Kind 3 hat einiges an Zeit gekostet &#8211; das war auch schon vorher so. (Und ich habe den Stre\u00df damit gekappt, dass wir nicht alle Aufgaben gemacht haben. Da sind zwar L\u00fccken da, aber wir haben uns daf\u00fcr nicht gegenseitig verpr\u00fcgelt. Das ist viel wert.)<br>Ich merke aber auch, dass jetzt fast 3 Monate Kontaktbeschr\u00e4nkungen schwierig f\u00fcr die ganze Familie sind und Auswirkungen haben &#8211; teilweise werde ich die vermutlich erst sp\u00e4ter merken\u2026<br>Ach, eine Frage habe ich noch: Was ist eigentlich mit den 1500 Euro f\u00fcr Pflegekr\u00e4fte passiert?<\/li><\/ol>\n","protected":false},"excerpt":{"rendered":"<p>Im Spiegel war ein Artikel, der sich damit besch\u00e4ftigte, ob 300 Euro ausreichen f\u00fcr das, was die Eltern in der Homeschooling-Phase alles \u00fcbernehmen mussten.Tenor: N\u00f6.Und dann kam nat\u00fcrlich wieder die Diskussion auf, wie schlecht es den Eltern geht, wieviel Alleinlebende die Blagen von anderen mitfinanzieren m\u00fcssen, etc.Ich finde die Frage ziemlich unn\u00f6tig. Also: die 300 &hellip; <a href=\"https:\/\/www.palandun.de\/index.php\/2020\/06\/06\/corona-update-6-6-2020\/\" class=\"more-link\"><span class=\"screen-reader-text\">\u201eCorona 9\u201c <\/span>weiterlesen<\/a><\/p>\n","protected":false},"author":2,"featured_media":0,"comment_status":"open","ping_status":"closed","sticky":false,"template":"","format":"standard","meta":{"footnotes":""},"categories":[22],"tags":[],"class_list":["post-844","post","type-post","status-publish","format-standard","hentry","category-corona"],"_links":{"self":[{"href":"https:\/\/www.palandun.de\/index.php\/wp-json\/wp\/v2\/posts\/844","targetHints":{"allow":["GET"]}}],"collection":[{"href":"https:\/\/www.palandun.de\/index.php\/wp-json\/wp\/v2\/posts"}],"about":[{"href":"https:\/\/www.palandun.de\/index.php\/wp-json\/wp\/v2\/types\/post"}],"author":[{"embeddable":true,"href":"https:\/\/www.palandun.de\/index.php\/wp-json\/wp\/v2\/users\/2"}],"replies":[{"embeddable":true,"href":"https:\/\/www.palandun.de\/index.php\/wp-json\/wp\/v2\/comments?post=844"}],"version-history":[{"count":2,"href":"https:\/\/www.palandun.de\/index.php\/wp-json\/wp\/v2\/posts\/844\/revisions"}],"predecessor-version":[{"id":847,"href":"https:\/\/www.palandun.de\/index.php\/wp-json\/wp\/v2\/posts\/844\/revisions\/847"}],"wp:attachment":[{"href":"https:\/\/www.palandun.de\/index.php\/wp-json\/wp\/v2\/media?parent=844"}],"wp:term":[{"taxonomy":"category","embeddable":true,"href":"https:\/\/www.palandun.de\/index.php\/wp-json\/wp\/v2\/categories?post=844"},{"taxonomy":"post_tag","embeddable":true,"href":"https:\/\/www.palandun.de\/index.php\/wp-json\/wp\/v2\/tags?post=844"}],"curies":[{"name":"wp","href":"https:\/\/api.w.org\/{rel}","templated":true}]}}