{"id":849,"date":"2020-06-23T06:33:00","date_gmt":"2020-06-23T06:33:00","guid":{"rendered":"https:\/\/www.palandun.de\/?p=849"},"modified":"2020-08-26T06:34:07","modified_gmt":"2020-08-26T06:34:07","slug":"horst-seehofer-versteht-satiren-nicht","status":"publish","type":"post","link":"https:\/\/www.palandun.de\/index.php\/2020\/06\/23\/horst-seehofer-versteht-satiren-nicht\/","title":{"rendered":"Horst Seehofer versteht Satiren&#8230; nicht"},"content":{"rendered":"\n<p>Horst Seehofer \u00fcberlegt Strafanzeige zu stellen gegen eine Kolumnistin der taz, die in ihrer Kolumne Polizisten auf die M\u00fclldeponie schicken w\u00fcrde, wenn die Polizei aufgel\u00f6st werden w\u00fcrde.<br>Seehofer verbindet die Satire dann auch direkt mit den Ereignissen in Stuttgart:<br>&#8222;Eine Enthemmung der Worte f\u00fchrt unweigerlich zu einer Enthemmung der Taten und zu Gewaltexzessen, genauso wie wir es jetzt in Stuttgart gesehen haben.&#8220; (Zitat Seehofer)<br>Tja, jetzt habe ich mir das mal angeguckt unter https:\/\/taz.de\/Abschaffung-der-Polizei\/!5689584\/<br>Und mir ist aufgefallen, dass da gar nicht steht, dass die Polizisten als M\u00fcll entsorgt werden sollen, obwohl ich das jetzt mehrfach in der Presse gelesen habe.<br>Irgendwie finde ich die \u00c4u\u00dferungen in Artikeln zu der Kolumne weitaus schlimmer als in der Kolumne selbst.<br>Zu der Kolumne f\u00e4llt mir nur ein, dass sie irgendwie sehr verkopft ist und von potentiellen Gewaltt\u00e4tern vermutlich noch nicht mal gelesen oder verstanden werden w\u00fcrde.<br>Aber zur\u00fcck zu Seehofers Absichten: Thorsten Frei (CDU) h\u00e4lt das f\u00fcr ein starkes Signal.<br>Wo war das starke Signal, als ein Bundesinnenminister sich dar\u00fcber freute, dass zu seinem 69. Geburtstag 69 Afghanen abgeschoben wurden?<br>Wo war das starke Signal, als ein deutscher Parteichef eine Abgeordnete einer anderen Partei in Anatolien entsorgen wollte? (wobei: Gaulands Spruch kann man im Vergleich zu anderen AfD-Politiker-Aussagen beinahe noch als gem\u00e4ssigt betrachten)<br>Wo bleiben die starken Signale, wenn Politiker jeder Kolleur in Hass-Kommentaren beschimpft, beleidigt und bedroht werden?<br>Und Seehofer ist sich auch nicht zu bl\u00f6d, die Anzeige als erstes der BILD anzuk\u00fcndigen? Der Zeitung, die schon \u00fcberlegte, ob sie nicht &#8222;Hetze seit 1952&#8220; als Untertitel nehmen k\u00f6nnte?<br>Noch mal zum Thema: ich finde es gut, dass sich ein Innenminister vor die Polizei stellt und die Polizisten sch\u00fctzen m\u00f6chte.<br>Er muss sich allerdings \u00fcberlegen, was er macht. Und da w\u00e4ren in diesem Fall Worte angemessen gewesen. Und bitte nicht in der BILD-Zeitung.<br>Ich f\u00e4nde es gut, wenn er und auch die Polizeigewerkschaftler beim Thema &#8222;rechte Kr\u00e4fte in der Partei&#8220;, &#8222;Rassismus in der Partei&#8220;, &#8222;Kadavergehorsam in der Polizei&#8220; den richtigen Schluss ziehen w\u00fcrde.<br>Und der w\u00e4re f\u00fcr mich, gegen diese Probleme anzuk\u00e4mpfen. Denn die fallen auf alle Polizisten zur\u00fcck, die gute Arbeit leisten und nette Menschen sind.<br>Und die Probleme werden nicht negiert durch &#8222;Aber die Gewalt gegen Polizisten\u2026&#8220;. Das ist auch ein sehr wichtiges Thema, und f\u00fcr mich ein genauso wichtiges Thema.<br>Es ist aber rein bescheuert, die gegeneinander aufzuwiegen. Sonst k\u00f6nnen wir auch gleich dazu \u00fcbergehen, die Randale in Stuttgart gegen Steuerhinterziehung aufzuwiegen. Was eine absolut absurde Idee ist.<br>Nebenbei forderte Seehofer &#8211; der Mann, der die Migration als Mutter aller Probleme bezeichnete &#8211; auch schon mal, dass Hetze im Internet h\u00e4rter bestraft werden soll.<br>Es fehlte nur die Begr\u00fcndung: &#8222;Im Internet bin weder ich noch die Print-Ausgabe der BILD unterwegs, da ist das okay.&#8220;<br>Kleines Schmankerl am Rande: wir werden das aber wieder vergessen. Wie alles, was Seehofer schon gemacht hat. Einschlie\u00dflich des Versuchs in den 80ern, AIDS-Kranke in speziellen Heimen zu kasernieren. Seehofer 1987.<\/p>\n","protected":false},"excerpt":{"rendered":"<p>Horst Seehofer \u00fcberlegt Strafanzeige zu stellen gegen eine Kolumnistin der taz, die in ihrer Kolumne Polizisten auf die M\u00fclldeponie schicken w\u00fcrde, wenn die Polizei aufgel\u00f6st werden w\u00fcrde.Seehofer verbindet die Satire dann auch direkt mit den Ereignissen in Stuttgart:&#8222;Eine Enthemmung der Worte f\u00fchrt unweigerlich zu einer Enthemmung der Taten und zu Gewaltexzessen, genauso wie wir es &hellip; <a href=\"https:\/\/www.palandun.de\/index.php\/2020\/06\/23\/horst-seehofer-versteht-satiren-nicht\/\" class=\"more-link\"><span class=\"screen-reader-text\">\u201eHorst Seehofer versteht Satiren&#8230; nicht\u201c <\/span>weiterlesen<\/a><\/p>\n","protected":false},"author":2,"featured_media":0,"comment_status":"open","ping_status":"closed","sticky":false,"template":"","format":"standard","meta":{"footnotes":""},"categories":[15],"tags":[],"class_list":["post-849","post","type-post","status-publish","format-standard","hentry","category-nachdenkliches"],"_links":{"self":[{"href":"https:\/\/www.palandun.de\/index.php\/wp-json\/wp\/v2\/posts\/849","targetHints":{"allow":["GET"]}}],"collection":[{"href":"https:\/\/www.palandun.de\/index.php\/wp-json\/wp\/v2\/posts"}],"about":[{"href":"https:\/\/www.palandun.de\/index.php\/wp-json\/wp\/v2\/types\/post"}],"author":[{"embeddable":true,"href":"https:\/\/www.palandun.de\/index.php\/wp-json\/wp\/v2\/users\/2"}],"replies":[{"embeddable":true,"href":"https:\/\/www.palandun.de\/index.php\/wp-json\/wp\/v2\/comments?post=849"}],"version-history":[{"count":1,"href":"https:\/\/www.palandun.de\/index.php\/wp-json\/wp\/v2\/posts\/849\/revisions"}],"predecessor-version":[{"id":850,"href":"https:\/\/www.palandun.de\/index.php\/wp-json\/wp\/v2\/posts\/849\/revisions\/850"}],"wp:attachment":[{"href":"https:\/\/www.palandun.de\/index.php\/wp-json\/wp\/v2\/media?parent=849"}],"wp:term":[{"taxonomy":"category","embeddable":true,"href":"https:\/\/www.palandun.de\/index.php\/wp-json\/wp\/v2\/categories?post=849"},{"taxonomy":"post_tag","embeddable":true,"href":"https:\/\/www.palandun.de\/index.php\/wp-json\/wp\/v2\/tags?post=849"}],"curies":[{"name":"wp","href":"https:\/\/api.w.org\/{rel}","templated":true}]}}