{"id":851,"date":"2020-07-05T06:34:00","date_gmt":"2020-07-05T06:34:00","guid":{"rendered":"https:\/\/www.palandun.de\/?p=851"},"modified":"2020-08-26T06:35:38","modified_gmt":"2020-08-26T06:35:38","slug":"neue-fahrradregeln","status":"publish","type":"post","link":"https:\/\/www.palandun.de\/index.php\/2020\/07\/05\/neue-fahrradregeln\/","title":{"rendered":"neue Fahrradregeln"},"content":{"rendered":"\n<p>Ich habe mir nochmal Gedanken \u00fcber die neuen Abstand-zu-Rad-Regeln (die ja gar nicht so neu sind) gemacht.<br>Im Endeffekt kommen wir zu einem menschlichen Grundproblem: dem Nicht-Reinversetzen-K\u00f6nnen in andere Leute.<br>Da kann ich auch gleich ein passendes Beispiel bringen: erst, seitdem ich mal mit einem Rennradfahrer zusammengefahren bin, kann ich nachvollziehen, warum bei manchen Radwegen Rennr\u00e4der auf der Stra\u00dfe bleiben &#8211; IMHO berechtigterweise.<br>Ich habe ein Tourenrad mit &#8222;unkaputtbaren&#8220; Reifen. F\u00fcr mich ist es kein Problem, wenn mal ein Baum dem Fahrradweg mittels Wurzel zeigt, was er ihn kann. Oder wenn der Weg Schlaglochpiste ist. Mit einem Rennrad w\u00e4re mir das vermutlich auch zu gef\u00e4hrlich.<br>Eigentlich m\u00fcsste mal jeder Autofahrer einen Tag lang Rennrad fahren und jeder Rennradfahrer mal einen Tag Auto &#8211; das dann einmal im Jahr.<br>Da aber auch Wechselmobile sich im Stra\u00dfenverkehr aufregen, scheint das eher eine nicht-funktionierende Idee zu sein.<br>Ist \u00fcbrigens jemand aufgefallen, dass die Stra\u00dfenverkehrsordnung zu Anfang total links-gr\u00fcn-versifft ist? So eititeiti und \u00fcberhaupt nicht realistisch?<br>&#8222;(1) Die Teilnahme am Stra\u00dfenverkehr erfordert st\u00e4ndige Vorsicht und gegenseitige R\u00fccksicht.<br>(2) Wer am Verkehr teilnimmt hat sich so zu verhalten, dass kein Anderer gesch\u00e4digt, gef\u00e4hrdet oder mehr, als nach den Umst\u00e4nden unvermeidbar, behindert oder bel\u00e4stigt wird.&#8220;<br>Irgendwie w\u00e4re das sch\u00f6n, wenn wir das anstelle der Nationalhymne in der Schule lernen w\u00fcrden. Wobei die glaube ich auch nicht mehr dran kommt\u2026<br>Der Paragraph 1 bedeutet, dass wir immer auf andere R\u00fccksicht nehmen sollen. Egal, ob wir Autofahrer, Radfahrer, Fussg\u00e4nger, Rollerfahrer, Rollstuhlfahrer, Skateboardfahrer, Hundef\u00fchrer oder Mitfahrer in einem Kinderwagen sind.<br>Und zwar R\u00fccksicht auf Autofahrer, Radfahrer, Fussg\u00e4nger, Rollerfahrer, Rollstuhlfahrer, Skateboardfahrer, Hundef\u00fchrer oder Mitfahrer in einem Kinderwagen.<br>Die Gruppe ist nat\u00fcrlich noch l\u00e4ngst nicht komplett.<br>Und Paragraph 1 (und die ganze StVO) spricht \u00fcbrigens ganz explizit nicht von &#8222;schw\u00e4cheren Verkehrsteilnehmern&#8220;. Eigentlich geht es (wie in vielen anderen Lebensbereichen) um ein Miteinander, nicht ein Gegeneinander.<br>Vergi\u00dft man nur leicht.<\/p>\n","protected":false},"excerpt":{"rendered":"<p>Ich habe mir nochmal Gedanken \u00fcber die neuen Abstand-zu-Rad-Regeln (die ja gar nicht so neu sind) gemacht.Im Endeffekt kommen wir zu einem menschlichen Grundproblem: dem Nicht-Reinversetzen-K\u00f6nnen in andere Leute.Da kann ich auch gleich ein passendes Beispiel bringen: erst, seitdem ich mal mit einem Rennradfahrer zusammengefahren bin, kann ich nachvollziehen, warum bei manchen Radwegen Rennr\u00e4der auf &hellip; <a href=\"https:\/\/www.palandun.de\/index.php\/2020\/07\/05\/neue-fahrradregeln\/\" class=\"more-link\"><span class=\"screen-reader-text\">\u201eneue Fahrradregeln\u201c <\/span>weiterlesen<\/a><\/p>\n","protected":false},"author":2,"featured_media":0,"comment_status":"open","ping_status":"closed","sticky":false,"template":"","format":"standard","meta":{"footnotes":""},"categories":[15],"tags":[],"class_list":["post-851","post","type-post","status-publish","format-standard","hentry","category-nachdenkliches"],"_links":{"self":[{"href":"https:\/\/www.palandun.de\/index.php\/wp-json\/wp\/v2\/posts\/851","targetHints":{"allow":["GET"]}}],"collection":[{"href":"https:\/\/www.palandun.de\/index.php\/wp-json\/wp\/v2\/posts"}],"about":[{"href":"https:\/\/www.palandun.de\/index.php\/wp-json\/wp\/v2\/types\/post"}],"author":[{"embeddable":true,"href":"https:\/\/www.palandun.de\/index.php\/wp-json\/wp\/v2\/users\/2"}],"replies":[{"embeddable":true,"href":"https:\/\/www.palandun.de\/index.php\/wp-json\/wp\/v2\/comments?post=851"}],"version-history":[{"count":1,"href":"https:\/\/www.palandun.de\/index.php\/wp-json\/wp\/v2\/posts\/851\/revisions"}],"predecessor-version":[{"id":852,"href":"https:\/\/www.palandun.de\/index.php\/wp-json\/wp\/v2\/posts\/851\/revisions\/852"}],"wp:attachment":[{"href":"https:\/\/www.palandun.de\/index.php\/wp-json\/wp\/v2\/media?parent=851"}],"wp:term":[{"taxonomy":"category","embeddable":true,"href":"https:\/\/www.palandun.de\/index.php\/wp-json\/wp\/v2\/categories?post=851"},{"taxonomy":"post_tag","embeddable":true,"href":"https:\/\/www.palandun.de\/index.php\/wp-json\/wp\/v2\/tags?post=851"}],"curies":[{"name":"wp","href":"https:\/\/api.w.org\/{rel}","templated":true}]}}