{"id":897,"date":"2020-12-02T10:02:00","date_gmt":"2020-12-02T10:02:00","guid":{"rendered":"https:\/\/www.palandun.de\/?p=897"},"modified":"2021-01-02T10:02:34","modified_gmt":"2021-01-02T10:02:34","slug":"corona-24","status":"publish","type":"post","link":"https:\/\/www.palandun.de\/index.php\/2020\/12\/02\/corona-24\/","title":{"rendered":"Corona 24"},"content":{"rendered":"\n<p>Wir hatten jetzt ein paar Monate Zeit, uns \u00fcber die Querdenker aufzuregen. Leute, die den Bezug zur Realit\u00e4t erkennbar verloren haben.<br>K\u00f6nnen wir uns dann jetzt mal wieder \u00fcber die aufregen, die auch den Bezug zur Realit\u00e4t verloren haben, aber leider auch noch an der Macht sind?<br>Ich kotze n\u00e4mlich gerade.<br>Frau Merkel wird momentan zu viel \u00fcber Gl\u00fchweinst\u00e4nde gesprochen. So ein Zufall aber: mir auch. Und zwar von ihren unf\u00e4higen Kollegen.<br>Es wird mir n\u00e4mlich viel zu viel \u00fcber Feiernde gesprochen und dar\u00fcber, wie dramatische Ma\u00dfnahmen wir jetzt gegen die Unvernunft der Bev\u00f6lkerung ergreifen m\u00fcssen.<br>Es wird mir aber viel zu wenig \u00fcber das Versagen der Politik gesprochen und vor allen dar\u00fcber, wie man da mal ganz schnell was \u00e4ndernk\u00f6nnte.<br>Es wird mir viel zu wenig \u00fcber die Schulen gesprochen, in denen scheinbar per Definition nichts passieren kann.<br>Vermutlich, weil es den viren nicht zumutbar ist, jemandem bei offenen Fenster zu infizieren.<br>Politiker: ihr habt Monate Zeit gehabt, euch mit dem Thema zu besch\u00e4ftigen und raus kam &#8222;Mal ein bisschen l\u00fcften&#8220; und das gnadenlose Zur\u00fcckpfeifen von Rektoren, die sich erdreisten, selbstst\u00e4ndig Entscheidungen f\u00fcr Wechselunterricht zu treffen.<br>Also Leute, die mal die Eier beweisen, die man sich von manchen Kultusminister erhofft.<br>Es wird mir viel zu wenig dar\u00fcber gesprochen, wie man resistente Arbeitgeber und Arbeitnehmer endlich in die Pflicht nimmt.<br>Es wird die ganze Unterhaltungsbranche platt gemacht, in der sich ganz viele kleine Unternehmen viel Arbeit gemacht haben mit Hygienekonzepten.<br>Es ist mir kein einziger Fall bekannt, bei der sich ein Zuschauer im Kabarett angesteckt h\u00e4tte.<br>Daf\u00fcr schafft es schon wieder ein Betrieb von T\u00f6nnies auf eine Traumquote. 172 Infizierte bei 2200 Mitarbeitern. Zum Vergleich: 172 Infizierte in 7 Tagen reichen hier, wo ich wohne, aus, um den ganzen Landkreis \u00fcber die 50er-Inzidenz-Marke zu schleudern.<br>Da kann man aber nichts machen, das Fleisch von T\u00f6nnies ist nun mal mehr wert als Kultur.<br>Wenn in Bautzen der Pressesprecher einer Baufirma facebookt: \u201eWer in meinem Office Maske tr\u00e4gt, fliegt raus\u201c oder noch immer Gesch\u00e4fte mit &#8222;hier auch ohne Maske&#8220; werben k\u00f6nnen, dann sind das zwar nur die Spitzen der Idiotie &#8211; aber es gibt genug L\u00e4den, in denen das Problem nicht ernst genommen wird.<br>Es wird mir viel zu wenig dar\u00fcber gesprochen, dass die Gesundheits\u00e4mter hoffnungslos \u00fcberfordert sind, und das mit Ansage. Die Vorbereitung auf die zweite Welle war derma\u00dfen dilletantisch, dass man sich fragen muss: was wurde denn da erwartet? Das doch nix kommt?<br>Oder wenn sich Corona-Gegner versammeln zu einer gro\u00dfen Party, die sie dann Demonstration nennen, dann wird auch nicht unbedingt durchgegriffen\u2026 Durchgreifen kann man ja stattdessen gegen Aktivisten in diversen abzuholzenden W\u00e4ldern, die sind bestimmt links.<br>Zur Gef\u00e4hrlichkeit der Familien: wenn 10 Leute in der Familie sich zur Familienfeier treffen und sich anstecken, betrifft das erstmal 10 Leute. Dann war es das auch erstmal f\u00fcr die Familie.<br>Wenn 10 Leute in einer Firma sich anstecken, dahinter aber jeweils Familien mit 2 kindern stecken, dann sind das 40 Leute.<br>Davon haben sich aber 30 Leute in der Familie angesteckt, das Problem sind also die Familien\u2026<br>Und sorry, was da unter den Ministerpr\u00e4sidenten abl\u00e4uft, ist doch was von AfDig.<br>Regieren mit Angst und Drohszenarien statt mal mit einem geordneten, l\u00e4nder\u00fcbergreifenden Vorgehen basierend auf Gehirn und Fakten.<br>So, erstmal genug aufgeregt.<\/p>\n","protected":false},"excerpt":{"rendered":"<p>Wir hatten jetzt ein paar Monate Zeit, uns \u00fcber die Querdenker aufzuregen. Leute, die den Bezug zur Realit\u00e4t erkennbar verloren haben.K\u00f6nnen wir uns dann jetzt mal wieder \u00fcber die aufregen, die auch den Bezug zur Realit\u00e4t verloren haben, aber leider auch noch an der Macht sind?Ich kotze n\u00e4mlich gerade.Frau Merkel wird momentan zu viel \u00fcber &hellip; <a href=\"https:\/\/www.palandun.de\/index.php\/2020\/12\/02\/corona-24\/\" class=\"more-link\"><span class=\"screen-reader-text\">\u201eCorona 24\u201c <\/span>weiterlesen<\/a><\/p>\n","protected":false},"author":2,"featured_media":0,"comment_status":"open","ping_status":"closed","sticky":false,"template":"","format":"standard","meta":{"footnotes":""},"categories":[22],"tags":[],"class_list":["post-897","post","type-post","status-publish","format-standard","hentry","category-corona"],"_links":{"self":[{"href":"https:\/\/www.palandun.de\/index.php\/wp-json\/wp\/v2\/posts\/897","targetHints":{"allow":["GET"]}}],"collection":[{"href":"https:\/\/www.palandun.de\/index.php\/wp-json\/wp\/v2\/posts"}],"about":[{"href":"https:\/\/www.palandun.de\/index.php\/wp-json\/wp\/v2\/types\/post"}],"author":[{"embeddable":true,"href":"https:\/\/www.palandun.de\/index.php\/wp-json\/wp\/v2\/users\/2"}],"replies":[{"embeddable":true,"href":"https:\/\/www.palandun.de\/index.php\/wp-json\/wp\/v2\/comments?post=897"}],"version-history":[{"count":1,"href":"https:\/\/www.palandun.de\/index.php\/wp-json\/wp\/v2\/posts\/897\/revisions"}],"predecessor-version":[{"id":898,"href":"https:\/\/www.palandun.de\/index.php\/wp-json\/wp\/v2\/posts\/897\/revisions\/898"}],"wp:attachment":[{"href":"https:\/\/www.palandun.de\/index.php\/wp-json\/wp\/v2\/media?parent=897"}],"wp:term":[{"taxonomy":"category","embeddable":true,"href":"https:\/\/www.palandun.de\/index.php\/wp-json\/wp\/v2\/categories?post=897"},{"taxonomy":"post_tag","embeddable":true,"href":"https:\/\/www.palandun.de\/index.php\/wp-json\/wp\/v2\/tags?post=897"}],"curies":[{"name":"wp","href":"https:\/\/api.w.org\/{rel}","templated":true}]}}