{"id":899,"date":"2020-12-11T10:02:00","date_gmt":"2020-12-11T10:02:00","guid":{"rendered":"https:\/\/www.palandun.de\/?p=899"},"modified":"2021-01-02T10:03:13","modified_gmt":"2021-01-02T10:03:13","slug":"corona-25","status":"publish","type":"post","link":"https:\/\/www.palandun.de\/index.php\/2020\/12\/11\/corona-25\/","title":{"rendered":"Corona 25"},"content":{"rendered":"\n<p>Bei einer Spiegelumfrage hat sich die Mehrheit f\u00fcr einen harten Lockdown ausgesprochen.<br>Seltsam. Man musste gar nicht definieren, was dazu geh\u00f6rt, es reichte den Mitmachenden der sch\u00f6ne Wortklang &#8222;harter Lockdown&#8220;.<br>Wenn ich jetzt im Nachhinein definieren w\u00fcrde, ein harter Lockdown w\u00fcrde darin bestehen, alle Corona-Verd\u00e4chtigen einzuschlie\u00dfen und die T\u00fcren zu verschweissen\u2026 w\u00e4re das dann auch okay?<br>Was ist ein harter Lockdown:<br>Geh\u00f6rt dazu, die Grenzen zu schlie\u00dfen? Es gibt auch Einwohner mit Verwandten im Ausland, wo man nicht kontrollieren kann, ob die 5 Personen-Regel eingehalten wird. Geht effektiv nur mit Grenzschlie\u00dfung.<br>Wie kontrolliert man an Weihnachten, dass es nur 5 Erwachsene sind? Nachbarschaftswacht? Polizeikontrollen?<br>Ist der Hauptpunkt beim harten Lockdown, H\u00e4rte zu demonstrieren, in dem man harte Begriffe und harte Regeln in den \u00c4ther schickt &#8211; statt durchdachte Ma\u00dfnahmen? Und warum scheint das so gut anzukommen?<br>Geh\u00f6rt eigentlich auch eine Entschuldigung des NRW-Schulministeriums dazu an die Rektoren, die verbotenerweise schon vorher in den Wechselunterricht gegangen sind und anger\u00fcffelt wurden?<br>Und warum ist in der jetzigen Lage, in der ganz Deutschland ein roter Teppich mit nur vereinzelten Flecken ist, es noch immer nicht m\u00f6glich, in allen Bundesl\u00e4ndern gleich vorzugehen? Gleiche Regeln, gleiche Startzeit? Ich wei\u00df nicht, ob es jemandem aufgefallen ist, aber die Bundeslandgrenzen sind schon recht willk\u00fcrlich, da gibt es eine Menge Grenz\u00fcbertritte\u2026 Nebenbei: F\u00f6deralismus ist nicht das Problem. Der verbietet Bundesland\u00fcbergreifende Zusammenarbeit nicht.<br>Eines wei\u00df ich aber jetzt schon:<br>systemrelevant wird sein, dass Politiker in einer Talkshow sitzen.<br>W\u00fcnschen w\u00fcrde ich mir, dass in einer entsprechenden Corona-Verordnung drinstehen w\u00fcrde, dass es bei einer hohen Stra\u00dfe verboten ist, als Politiker seinen Hintern ausserhalb des Homeoffices zu bewegen.<br>Und dass s\u00e4mtliche Talkshows statt Politiker bitte K\u00fcnstler einladen m\u00fcssen, die gerade unter Auftrittsverbot leiden &#8211; bei angemessener Bezahlung.<\/p>\n","protected":false},"excerpt":{"rendered":"<p>Bei einer Spiegelumfrage hat sich die Mehrheit f\u00fcr einen harten Lockdown ausgesprochen.Seltsam. Man musste gar nicht definieren, was dazu geh\u00f6rt, es reichte den Mitmachenden der sch\u00f6ne Wortklang &#8222;harter Lockdown&#8220;.Wenn ich jetzt im Nachhinein definieren w\u00fcrde, ein harter Lockdown w\u00fcrde darin bestehen, alle Corona-Verd\u00e4chtigen einzuschlie\u00dfen und die T\u00fcren zu verschweissen\u2026 w\u00e4re das dann auch okay?Was ist &hellip; <a href=\"https:\/\/www.palandun.de\/index.php\/2020\/12\/11\/corona-25\/\" class=\"more-link\"><span class=\"screen-reader-text\">\u201eCorona 25\u201c <\/span>weiterlesen<\/a><\/p>\n","protected":false},"author":2,"featured_media":0,"comment_status":"open","ping_status":"closed","sticky":false,"template":"","format":"standard","meta":{"footnotes":""},"categories":[22],"tags":[],"class_list":["post-899","post","type-post","status-publish","format-standard","hentry","category-corona"],"_links":{"self":[{"href":"https:\/\/www.palandun.de\/index.php\/wp-json\/wp\/v2\/posts\/899","targetHints":{"allow":["GET"]}}],"collection":[{"href":"https:\/\/www.palandun.de\/index.php\/wp-json\/wp\/v2\/posts"}],"about":[{"href":"https:\/\/www.palandun.de\/index.php\/wp-json\/wp\/v2\/types\/post"}],"author":[{"embeddable":true,"href":"https:\/\/www.palandun.de\/index.php\/wp-json\/wp\/v2\/users\/2"}],"replies":[{"embeddable":true,"href":"https:\/\/www.palandun.de\/index.php\/wp-json\/wp\/v2\/comments?post=899"}],"version-history":[{"count":1,"href":"https:\/\/www.palandun.de\/index.php\/wp-json\/wp\/v2\/posts\/899\/revisions"}],"predecessor-version":[{"id":900,"href":"https:\/\/www.palandun.de\/index.php\/wp-json\/wp\/v2\/posts\/899\/revisions\/900"}],"wp:attachment":[{"href":"https:\/\/www.palandun.de\/index.php\/wp-json\/wp\/v2\/media?parent=899"}],"wp:term":[{"taxonomy":"category","embeddable":true,"href":"https:\/\/www.palandun.de\/index.php\/wp-json\/wp\/v2\/categories?post=899"},{"taxonomy":"post_tag","embeddable":true,"href":"https:\/\/www.palandun.de\/index.php\/wp-json\/wp\/v2\/tags?post=899"}],"curies":[{"name":"wp","href":"https:\/\/api.w.org\/{rel}","templated":true}]}}