{"id":902,"date":"2020-12-12T10:03:00","date_gmt":"2020-12-12T10:03:00","guid":{"rendered":"https:\/\/www.palandun.de\/?p=902"},"modified":"2021-01-02T10:03:55","modified_gmt":"2021-01-02T10:03:55","slug":"corona-26","status":"publish","type":"post","link":"https:\/\/www.palandun.de\/index.php\/2020\/12\/12\/corona-26\/","title":{"rendered":"Corona 26"},"content":{"rendered":"\n<p>Ich finde es gro\u00dfartig, dass Armin Laschet Zeit hat, um sich bei Bettina B\u00f6ttinger in die Talkshow zu setzen.<br>Nebenbei am gleichen Tag, an dem er vergessen hatte, seinem Kultusministerium Bescheid zu sagen, dass die Schulferien l\u00e4nger sein werden.<br>Frau Gebauer, diese Avatar<em>in der G\u00f6tt<\/em>in der Bedeutungslosigkeit, hatte noch am Mittwoch verk\u00fcndet: ein Aussetzen der Schulpflicht werde es mit ihr nicht geben.<br>Es sei unversch\u00e4mt, dass eine Akademie der Wissenschaft so einen Vorschlag \u00f6ffentlich macht. Ja, wie sonst? Das sollte wahrscheinlich verborgen bleiben.<br>Genauso verborgen wie die Anstrengungen der Schulministerin im vergangenen Halbjahr &#8211; oder war da einfach nix?<br>Die Opposition fordert den R\u00fccktritt der Schulministerin &#8211; aus vollkommen falschen Gr\u00fcnden. Sie hat nur gesagt: &#8222;mit mir nicht&#8220;.<br>Da hat es der Armin alleine gemacht. Da kann man ihr keinen Vorwurf draus machen.<br>Ich hatte ja f\u00fcr ein paar Sekunden den Anflug einer Radikalisierung, als ich Laschet sprechen h\u00f6rte.<br>Dann fiel mir aber auf, dass ich einfach nicht den Hang zur Gewaltt\u00e4tigkeit auftreiben kann.<br>Deswegen habe ich eine Bitte an unsere Politiker:<br>Falls ihr wieder das Verlangen habt, auf die Tr\u00e4nend\u00fcse zu dr\u00fccken bez\u00fcglich der Corona-Sterbenden, der armen Pflegekr\u00e4fte, der armen Leute in den Altenheimen etc. &#8211; nehmt einfach einen Baseballschl\u00e4ger und haut ihn euch selbstt\u00e4tig in die Fresse.<br>Falls ihr wirklich was f\u00fcr sie tun wollt, nehmt sie nicht, um eure Reden auszuschm\u00fccken, sondern handelt mal sinnvoll und vor allen ohne diesen Flickenteppich der regionalen Eitelkeiten.<br>Und denkt mal daran: seit Wochen, teilweise seit Monaten, k\u00f6nnen viele Leute nicht mehr ihre Arbeit tun.<br>falls ihr auf die Bewertung kommt, dass das Sinnvolle eine totaler Lockdown ist, dann macht denn.<br>Und macht dann bitte auch nur das, was n\u00f6tig ist: regiert und debatiert.<br>Aber haltet dann gef\u00e4lligst eure Visagen von den Kameras fern und eure Fressen von den Mikros.<br>Und zwar ausnahmslos alle Politiker.<br>Wobei ich eigentlich ganz froh bin, dass Armin Laschet in der Talkshow war.<br>Ich empfehle das wirklich mal anzugucken, sind auch nur die ersten 30 Minuten der Sendung.<br>(Wobei sp\u00e4ter noch interessante Sachen von SUCHTPOTENZIAL<br>kommen)<br>Wenn man sich das zu Gem\u00fcte f\u00fchrt und danach noch immer der Meinung, dass Armin Laschet f\u00fcr was anderes w\u00e4hlbar ist als zum Karnevalsprinzen\u2026<br>Der hat ernsthaft die privaten Kontakte in den Vordergrund gehoben und T\u00f6nnies mit &#8222;da kann man nichts gegen machen&#8220; abgeschmettert.<br>Oder der Hinweis von Frau B\u00f6ttinger, dass die Pfarrer Festgehalt kriegen im Gegensatz zu den Barbesitzer. Laschet war dar\u00fcber erstaunt, da hatte er noch nicht dr\u00fcber nachgedacht. Hohle Begr\u00fcndung: das ist aber ein anderes Grundrecht. Wir k\u00f6nnen ja nicht alle einschr\u00e4nken.<br>Also auch gerade nicht die kirchlichen Rechte &#8211; lustigerweise gibt es mehr bekannte Vorf\u00e4lle durch Gottesdienste als durch Kneipenbesuche\u2026<br>Oder die Frage nach Weihnachten bei Laschets. Da druckst er auch sch\u00f6n rum und kommt auf die Idee: na ja, man k\u00f6nne sich ja abwechseln\u2026 was dann s\u00e4mtliche Anstrengungen ad adsurdum f\u00fchrt.<br>Mit einem Blick auf S\u00f6der, Laschet, Merz: bitte lasst uns die CDU\/CSU abw\u00e4hlen. Ich will die alle nicht. Ich nehme sogar Heidi Klum als n\u00e4chste Kanzlerin. Oder den Storck-Riesen. Oder ein Haribo-Goldb\u00e4rchen.<\/p>\n","protected":false},"excerpt":{"rendered":"<p>Ich finde es gro\u00dfartig, dass Armin Laschet Zeit hat, um sich bei Bettina B\u00f6ttinger in die Talkshow zu setzen.Nebenbei am gleichen Tag, an dem er vergessen hatte, seinem Kultusministerium Bescheid zu sagen, dass die Schulferien l\u00e4nger sein werden.Frau Gebauer, diese Avatarin der G\u00f6ttin der Bedeutungslosigkeit, hatte noch am Mittwoch verk\u00fcndet: ein Aussetzen der Schulpflicht werde &hellip; <a href=\"https:\/\/www.palandun.de\/index.php\/2020\/12\/12\/corona-26\/\" class=\"more-link\"><span class=\"screen-reader-text\">\u201eCorona 26\u201c <\/span>weiterlesen<\/a><\/p>\n","protected":false},"author":2,"featured_media":0,"comment_status":"open","ping_status":"closed","sticky":false,"template":"","format":"standard","meta":{"footnotes":""},"categories":[22],"tags":[],"class_list":["post-902","post","type-post","status-publish","format-standard","hentry","category-corona"],"_links":{"self":[{"href":"https:\/\/www.palandun.de\/index.php\/wp-json\/wp\/v2\/posts\/902","targetHints":{"allow":["GET"]}}],"collection":[{"href":"https:\/\/www.palandun.de\/index.php\/wp-json\/wp\/v2\/posts"}],"about":[{"href":"https:\/\/www.palandun.de\/index.php\/wp-json\/wp\/v2\/types\/post"}],"author":[{"embeddable":true,"href":"https:\/\/www.palandun.de\/index.php\/wp-json\/wp\/v2\/users\/2"}],"replies":[{"embeddable":true,"href":"https:\/\/www.palandun.de\/index.php\/wp-json\/wp\/v2\/comments?post=902"}],"version-history":[{"count":1,"href":"https:\/\/www.palandun.de\/index.php\/wp-json\/wp\/v2\/posts\/902\/revisions"}],"predecessor-version":[{"id":903,"href":"https:\/\/www.palandun.de\/index.php\/wp-json\/wp\/v2\/posts\/902\/revisions\/903"}],"wp:attachment":[{"href":"https:\/\/www.palandun.de\/index.php\/wp-json\/wp\/v2\/media?parent=902"}],"wp:term":[{"taxonomy":"category","embeddable":true,"href":"https:\/\/www.palandun.de\/index.php\/wp-json\/wp\/v2\/categories?post=902"},{"taxonomy":"post_tag","embeddable":true,"href":"https:\/\/www.palandun.de\/index.php\/wp-json\/wp\/v2\/tags?post=902"}],"curies":[{"name":"wp","href":"https:\/\/api.w.org\/{rel}","templated":true}]}}