{"id":938,"date":"2021-04-30T20:17:00","date_gmt":"2021-04-30T20:17:00","guid":{"rendered":"https:\/\/www.palandun.de\/?p=938"},"modified":"2021-10-11T20:29:51","modified_gmt":"2021-10-11T20:29:51","slug":"gesammeltes-april-2021","status":"publish","type":"post","link":"https:\/\/www.palandun.de\/index.php\/2021\/04\/30\/gesammeltes-april-2021\/","title":{"rendered":"Gesammeltes April 2021"},"content":{"rendered":"\n<p>Sp\u00e4testens seit dem Satz \u201e\u00fcber Ostern denke ich \u00fcber wirkungsvolle Ma\u00dfnahmen gegen Corona nach\u201c spielt laschet endlich in der richtigen Liga mit. Leider nur die Liga von Scheuer, aber f\u00fcr Spitzenpositionen bei der cXU reicht das halt.<\/p>\n\n\n\n<p>Ich bin frustriert. Jugendliche m\u00fcssen 200-250 zahlen, weil sie sich treffen. Nach 21 Uhr d\u00fcrfen wir hier nur unter Bedingungen raus. Und gleichzeitig d\u00fcrfen 1000e wieder offensiv gegen s\u00e4mtliche Regeln verstossen. Und die Polizei greift nicht ein, weil sie zuwenig leute hat? Die Polizei, die in der Vergangenheit bei grossen Demonstrationen, bei denen die Demonstranten als links galten, keine Probleme hatte, Minderj\u00e4hrige zu verpr\u00fcgeln, Rentnern die Augen mit Wasserwerfern wegzuschiessen, etc.Ich weiss, dass es gute Polizisten gibt. Aber ich habe ehrlich gesagt keinen Bock mehr&#8230;<\/p>\n\n\n\n<p>Piratenbucht. Bin in 7 runden 6 mal zusammengeschossen worden und musste das schiff reprieren. Bzw einmal geflohen, eins gew\u00fcrfelt, alle sch\u00e4tze verloren. Warum spiele ich das? Als piratenkapit\u00e4n war vermutlich noch niemand so unerfolgreich&#8230; w\u00e4re aber ein cooler larp-charakter.<\/p>\n\n\n\n<p>Wir missverstehen Herrn laschet seinen Br\u00fccken-Lockdown. Ein lockdown im eigentlichen Sinne muss nicht eine Ausgangssperre sein, es kann auch eine Abriegelung eines Bauwerkes sein. Vermutlich m\u00f6chte er einfach s\u00e4mtliche Br\u00fccken sperren. Dann k\u00f6nnte man sie auch mal schnell sanieren&#8230;<\/p>\n\n\n\n<p>Der Br\u00fcckenlockdown kommt! Die Emschertalbr\u00fccke wird gesperrt (wenn auch nur f\u00fcr Lkws), auf der A59 bei Duisburg zwischen Hochfeld und Wanheimerort wurde heute morgen gesperrt.<\/p>\n\n\n\n<p>So nach \u00fcber einer Woche fiel mir auf, dass Laschet doch ein ganz guter Analytiker ist.Laschet bezeichnet den Zustand Deutschlands als nicht gut. Lanz: \u201eWer hat denn jetzt 16 Jahre regiert?\u201c Laschet genervt: \u201eDas hat doch damit nichts zu tun\u201c, Lanz: \u201eDoch!\u201c. Nein-Doch-Nein-Doch &#8211; kennt man von DeFunes, aber die beiden kriegen einfach kein Oh hin. Wobei Laschet doch noch zum \u201eDas hat damit auch zu tun.\u201c kommt.Ich gebe ihm aber recht: ich kann auch nicht nachvollziehen, was die CDU-Regierung in den letzten 16 Jahren mit Politik zu tun hatte. Ich glaube, die wollten eigentlich nichts damit zu tun haben&#8230;<\/p>\n\n\n\n<p>Laschet fordert einen harten Lockdown.Das ist noch nicht die ganze Wahrheit. Wenn man die Aktivit\u00e4ten der NRW-Landesregierung bisher betrachtet, d\u00fcrfte es eher darauf hinauslaufen:Laschet m\u00f6chte gerne einen landesweiten, harten Lockdown, damit er dann in NRW gegen\u00fcber dem harten Lockdown noch ein paar Lockerungen durchsetzen kann.Er forderte letzte Woche auch auf, die Freizeitaktivit\u00e4ten zu reduzieren \u2013 was ehrlich gesagt, nachdem ich ein Jahr fast ohne Freizeitaktivit\u00e4ten verbrachtet habe (ausgenommen online oder Haushaltsinterne), schon ein verbotener Tiefschlag ist.Liebe CDU: was soll der Armin eigentlich noch machen, um euch zu zeigen, dass er nicht geeignet ist als Kanzlerkandidat? Oder als \u201eLandesvater\u201c? Er gibt sich doch reichlich M\u00fche.<\/p>\n\n\n\n<p>\u201eEin kurzer, harter Lockdown ruiniert die Wirtschaft\u201c sagt die Wirtschaft und guckt zu, wie Teile der Wirtschaft mit einem langen WischiWaschi-Lockdown ruiniert werden.<\/p>\n\n\n\n<p>Witzig: mir ist vor ein paar Tagen aufgefallen, dass jemand, der immer meinte, dass dass Datenschutz ja total schlecht sei (und er habe ja nix zu verbergen), nicht will, dass in der Schule Selbsttests durch Sch\u00fcler gemacht werden.Begr\u00fcndung: Weil dann die anderen Sch\u00fcler ja wissen k\u00f6nnten, dass das Kind Corona-infiziert ist.<\/p>\n\n\n\n<p>Sehen wir uns mal einen Schultag aus dem Leben an. NRW, Oberstufe, Zwischenstand heute um 11:30.<\/p>\n\n\n\n<ol class=\"wp-block-list\"><li>Stunde: Unterricht<\/li><li>Stunde: Test nahm die ersten 20 Minuten ein \u2013 wobei das auch daran lag, dass die Lehrerin parallel einen anderen Kurs betreuen musste => 30 Minuten Unterricht<\/li><li>Stunde: ausgefallen<\/li><li>Stunde: Betreutes Lernen \u2013 wobei das besser funktioniert h\u00e4tte, wenn die Klasse tats\u00e4chlich Aufgaben bekommen h\u00e4tte<\/li><li>Stunde: Sport<\/li><li>Und 7. Stunde: k\u00f6nnte vielleicht noch produktiv werden<br>Scheint sich zu lohnen, keinen Distanzunterricht zu machen.<\/li><\/ol>\n\n\n\n<p>Vermeidbare Dienstreisen bitte unterlassen! S\u00f6der aus M\u00fcnchen &#8211; Laschet aus D\u00fcsseldorf &#8211; Treffpunkt in Berlin. Dienstreisen, die zum Zwecke der Veranstaltung von Hahnenk\u00e4mpfen dienen, gelten als nicht vermeidbar.<\/p>\n\n\n\n<p>Ich habe das Gef\u00fchl, dass genau die Leute, denen es voll wichtig ist,<\/p>\n\n\n\n<ul class=\"wp-block-list\"><li>zwischen &#8222;mit Corona&#8220; und &#8222;an Corona&#8220; zu unterscheiden<\/li><li>zu gucken, ob stark erkrankte und gestorbene Vorerkrankungen hatten<br>s\u00e4mtliche Selbstmorde der letzten 13 Monate auf die Corona-Ma\u00dfnahmen schieben unbeachtet der Fragen<\/li><li>ob es vielleicht andere Gr\u00fcnde gab<\/li><li>ob Vorerkrankungen wie Depressionen vorlagen<\/li><li>ob nicht die Pandemie als ausl\u00f6sende Stresssituation betrachtet werden k\u00f6nnte statt nur die Ma\u00dfnahmen gegen die Pandemie<br>In die gleiche Richtung geht<br>&#8222;Wir wissen doch gar nicht, ob es Langzeitsch\u00e4den gibt durch die Impfungen.&#8220;<br>Spoiler:<br>wissen wir \u00fcber die Auswirkungen von Corona-Erkrankungen auch nicht.<br>Die subakute sklerosierende Panenzephalitis bei Masern tritt beispielsweise laut Wikipedia 6-8 Jahre nach der Infektion auf.<br>Wir k\u00f6nnen in beiden F\u00e4llen &#8211; Infektion wie Impfung &#8211; nur auf \u00e4hnliche F\u00e4lle zur\u00fcckgreifen und anhand der Faktenlage (und damit meine ich nicht Einzelf\u00e4lle) Theorien aufstellen.<\/li><\/ul>\n\n\n\n<p>neue Facebook-Challenge:<br>Dr\u00fccke 2000 mal auf @ &#8211; die Person, die erscheint, ist f\u00fcr dich unwichtig. Oder nicht.<br>Und w\u00e4hrend du das machst, kannst Du keinen Bl\u00f6dsinn weiterleiten.<\/p>\n\n\n\n<p>&#8222;Die \u00fcberwiegende Mehrheit lehnt das Gendern ab&#8220; sagte Merz, den die \u00fcberwiegende Mehrheit ablehnt.<br>Interessant dabei, dass den Bef\u00fcrwortern des Gendern gerne &#8222;ihr zwingt uns&#8220; vorgeworfen wird, Merz dann aber tats\u00e4chlich Gendern verbieten will.<br>Interessant auch, dass Merz in den letzten Tagen sehr h\u00e4ufig in der Presse erscheint.<br>(Und f\u00fcr alle Rollenspieler: 95% aller Charakter auf Krynn lehnen \u00fcbrigens Kender Mainstreaming ab)<\/p>\n\n\n\n<p>Scholz ist der Meinung, er w\u00e4re der einzig wahre Kanzlerkandidat, weil er die Erfahrung im Regieren hat. Aber hilft eigentlich Erfahrung, wenn man sich an die spannenden Punkte der T\u00e4tigkeit nie erinnern kann und nie verantwortlich gewesen sein will?<\/p>\n\n\n\n<p>Distanzunterricht. Lehrerin bittet, die Aufgaben in der Schule abzugeben oder per Post zu senden. Sie m\u00f6chte keine emails. Suche noch nach der Pointe.<\/p>\n\n\n\n<p>Das Land NRW lehnt es ab, dass die Schulen in Dinslaken in Distanzunterricht gehen. Die Dinslakener haben zwar lockig und flockig einen Wert \u00fcber 165 (sogar \u00fcber 265), aber mit dem Landkreis reicht es noch. Wirklich noch, denn auch da ist der Wert mittlerweile \u00fcber 165, aber halt keine drei Tage hintereinander.Dinslaken m\u00f6chte \u00fcbrigens schlie\u00dfen, aber das Land NRW bleibt hart. Vermutlich bis \u00fcbermorgen.Und warum verdammte Hacke m\u00f6chte ich nicht, dass Herr Laschet Bundeskanzler wird?<\/p>\n\n\n\n<p>Irre. Bayern gibt ganz viel geld f\u00fcr nagelsmann aus. Dabei sass der die ganze Saison bei Leipzig nur auf der Bank.<\/p>\n","protected":false},"excerpt":{"rendered":"<p>Sp\u00e4testens seit dem Satz \u201e\u00fcber Ostern denke ich \u00fcber wirkungsvolle Ma\u00dfnahmen gegen Corona nach\u201c spielt laschet endlich in der richtigen Liga mit. Leider nur die Liga von Scheuer, aber f\u00fcr Spitzenpositionen bei der cXU reicht das halt. Ich bin frustriert. Jugendliche m\u00fcssen 200-250 zahlen, weil sie sich treffen. Nach 21 Uhr d\u00fcrfen wir hier nur &hellip; <a href=\"https:\/\/www.palandun.de\/index.php\/2021\/04\/30\/gesammeltes-april-2021\/\" class=\"more-link\"><span class=\"screen-reader-text\">\u201eGesammeltes April 2021\u201c <\/span>weiterlesen<\/a><\/p>\n","protected":false},"author":2,"featured_media":0,"comment_status":"closed","ping_status":"closed","sticky":false,"template":"","format":"standard","meta":{"footnotes":""},"categories":[6],"tags":[],"class_list":["post-938","post","type-post","status-publish","format-standard","hentry","category-in-kuerze"],"_links":{"self":[{"href":"https:\/\/www.palandun.de\/index.php\/wp-json\/wp\/v2\/posts\/938","targetHints":{"allow":["GET"]}}],"collection":[{"href":"https:\/\/www.palandun.de\/index.php\/wp-json\/wp\/v2\/posts"}],"about":[{"href":"https:\/\/www.palandun.de\/index.php\/wp-json\/wp\/v2\/types\/post"}],"author":[{"embeddable":true,"href":"https:\/\/www.palandun.de\/index.php\/wp-json\/wp\/v2\/users\/2"}],"replies":[{"embeddable":true,"href":"https:\/\/www.palandun.de\/index.php\/wp-json\/wp\/v2\/comments?post=938"}],"version-history":[{"count":1,"href":"https:\/\/www.palandun.de\/index.php\/wp-json\/wp\/v2\/posts\/938\/revisions"}],"predecessor-version":[{"id":955,"href":"https:\/\/www.palandun.de\/index.php\/wp-json\/wp\/v2\/posts\/938\/revisions\/955"}],"wp:attachment":[{"href":"https:\/\/www.palandun.de\/index.php\/wp-json\/wp\/v2\/media?parent=938"}],"wp:term":[{"taxonomy":"category","embeddable":true,"href":"https:\/\/www.palandun.de\/index.php\/wp-json\/wp\/v2\/categories?post=938"},{"taxonomy":"post_tag","embeddable":true,"href":"https:\/\/www.palandun.de\/index.php\/wp-json\/wp\/v2\/tags?post=938"}],"curies":[{"name":"wp","href":"https:\/\/api.w.org\/{rel}","templated":true}]}}