{"id":962,"date":"2021-06-30T20:35:00","date_gmt":"2021-06-30T20:35:00","guid":{"rendered":"https:\/\/www.palandun.de\/?p=962"},"modified":"2021-10-11T20:39:58","modified_gmt":"2021-10-11T20:39:58","slug":"gesammeltes-juni-2021","status":"publish","type":"post","link":"https:\/\/www.palandun.de\/index.php\/2021\/06\/30\/gesammeltes-juni-2021\/","title":{"rendered":"Gesammeltes Juni 2021"},"content":{"rendered":"\n<p>Am 1. Juni ist in Hessen ein wichtiger Termin. Wir und unsere Kinder d\u00fcrfen n\u00e4mlich selbst entscheiden, ob unsere Kinder eine Klasse wiederholen.<br>Es soll n\u00e4mlich jeder versetzt werden, der in der letzten Klasse auch versetzt geworden w\u00e4re, wenn das Versetzen nicht abgeschafft gewesen w\u00e4re.<br>Kinder und Eltern d\u00fcrfen aber selbst entscheiden, ob man nicht doch lieber ein Jahr l\u00e4nger bleiben will.<br>Und das beste: es z\u00e4hlt nicht f\u00fcr die Anzahl der Extrarunden!<br>Super.<br>Kleiner Haken: man muss bis zum 1. Juni entscheiden.<br>W\u00e4hrend die Lehrer verzweifelt Klassenarbeit an Klassenarbeit legen, so dass der Pr\u00e4senzunterricht zu einem Pr\u00e4senzgepr\u00fcfe wird \u2013 in der Hoffnung, dass sie daraus irgendwelche Noten ziehen k\u00f6nnen \u2013 d\u00fcrfen die Eltern sp\u00e4testens am 1. Juni entscheiden, ob das Kind freiwillig sitzen bleibt. Also bevor die ganzen Arbeiten ausgewertet sind. In manchen F\u00e4llen, nachdem das eigene Kind genau 1 Woche im Pr\u00e4senzunterricht war.<br>Scheinen also doch nicht so wichtig zu sein, die Noten. Oder die Lehrer. Eltern, ihr schafft das!<\/p>\n\n\n\n<p>Meine Frau hat gerade aus der Zeitung vorgelesen, dass Astronomen seit Monaten ein gutes Hygienekonzept h\u00e4tten. Na gut, vorgelesen hatte sie nicht Astronomen. Seitdem l\u00e4uft das Kopfkino:<br>&#8222;Bitte nur 5 Sterne pro Sternbild!&#8220;<br>&#8222;Hast Du schon den gro\u00dfen Wagen mit Desinfektionsmittel eingespr\u00fcht?&#8220;<br>6 Uhr ist zu fr\u00fch f\u00fcr mich.<\/p>\n\n\n\n<p>Confirmation Bias? Einige Leute halten die Pandemie solange f\u00fcr ein Fake, solange sie nicht selbst dabei gestorben sind.<\/p>\n\n\n\n<p>Wochenr\u00fcckblick (wobei &#8211; waren glaube ich zwei Wochen)<br>Schule l\u00e4uft wieder normal. Also bis auf Tests und Masken. Aber der Unterrichtsausfall ist wieder auf Normalstand. Dass im Sportunterricht die Halle aufger\u00e4umt wird statt zu sporteln sollte auch normal sein.<br>N\u00e4chsten Donnerstag muss eine Tochter dann gar nicht in die Schule, f\u00e4llt alles aus.<br>Sp\u00e4testens in 2 Wochen beginnt dann wieder das Filmegucken.<br>Business as usual<br>W\u00e4hrenddessen war Habeck ganz auf Friedensmission unterwegs. Er m\u00f6chte Waffen in die Ukraine verschicken. Das ist genial: wir schicken welche von der Bundeswehr. Dann braucht sich Russland keine Sorgen mehr zu machen, das ist besser als Entwaffnung.<br>Annalena C\u00e4cilia Amaretto Baerbocks Initialen sind ACAB &#8211; All Cops Are Bastards.<br>War mal ein netter Gag (vom Postillion glaube ich) &#8211; wenn jedoch ein Hans-Georg Maa\u00dfen (Initialien HGM, also beispielsweise Hitler &#8211; Goebbels &#8211; Mengele) das schreibt, verl\u00e4sst das leider den Gag-Sektor.<br>Versteht der nette Ex-Verfassungsch\u00fctzer mit der leichten Rechts-Sehschw\u00e4che nicht. Er musste leider gehen, bevor der Geheimdienstbericht \u00fcber Humor fertig war.<\/p>\n\n\n\n<p>Habe Karten f\u00fcrs Kabarett gebucht. Nach 17 Monaten ohne Kabarettbesuch und im Homeoffice. Ich wei\u00df gar nicht mehr, wie das geht, dieses Rausgehen.<br>Muss man daf\u00fcr eine Hose anziehen? Darf man mitsingen?<br>Gibt es irgendwo ein FAQ zu dem Thema?<\/p>\n\n\n\n<p>Gedanken zum Tage:<br>Hmm, &#8222;Notenschluss&#8220; 3 Wochen vor den Ferien. Vermutlich, damit die Zeugnisse rechtzeitig gedruckt werden k\u00f6nnen. Kann mich noch daran erinnern, dass bei mir die Notenkonferenzen am Anfang der letzten Schulwoche waren. Das muss diese Digitalisierung sein.<br>M\u00e4nner beschweren sich \u00fcber Moderatorinnen und Kommentartorinnen und andere -torinnen beim M\u00c4NNERfussball im Fernsehen. &#8222;Quietschende Stimmen&#8220; und so. Dabei habe ich noch immer ein Trauma von Heribert F., der krank-kr\u00e4chzend ein L\u00e4nderspiel kommentieren musste, weil sie damals keinen Ersatz hatte. Und: warum sagt kein Mensch etwas \u00fcber den Anzug von Bastian Schweinsteiger?<br>Und noch was positives: bei meiner Tochter an der Schule darf jetzt die Maske auf dem Pausenhof weggelassen werden. Wenn die Gradzahl die Inzidenz \u00fcbersteigt eine IMHO sinnvolle Ma\u00dfnahme.<br>Halte mich von meiner Frau fern. 39,1 Grad. Wenn ich zu nah komm, steck ich mich mit Biontech an\u2026 aber immerhin habe ich eine heisse Frau.<\/p>\n\n\n\n<p>Wie erkl\u00e4rt man den Spotify-Algorithmus? \u201eViele Leute, die dein Lieblingslied h\u00f6ren, h\u00f6ren auch Schei\u00dfmusik. Und jetzt beweise ich es dir.\u201c<\/p>\n\n\n\n<p>Manchmal sind Zeitungs\u00fcberschriften etwas ungl\u00fccklich. So finde ich heute im Gro\u00df-Gerauer Echo die Seite 5 etwas befremdlich. Damit meine ich nicht &#8222;Auch \u00fcber eine Sprengung nachdenken&#8220; mit einem gro\u00dfen Al-Wazir-Bild, sondern die \u00dcberschrift &#8222;Keine Maskenpflicht im Schulunterricht&#8220; mit der Unter\u00fcberschrift &#8222;Prostitution unter Auflagen wieder erlaubt&#8220;. Auch die weitere Unter\u00fcberschrift, die weitreichende Lockerungen ank\u00fcndigt, hilft mir da nicht.<\/p>\n\n\n\n<p>Habe gerade bei der ungarischen Hymne mitgesungen. War doch \u201esomewhere over the rainbow\u201c?<\/p>\n\n\n\n<p>So, wenn wir jetzt alle wieder anfangen, auf nationalspielern rumzuhacken&#8230; kann mal einer den L\u00f6w vor dem Geschwafel von schweinsteiger retten? Und mal ein lob: havertz sorgte f\u00fcr 2 grosschancen und hatte selbst noch eine.<\/p>\n","protected":false},"excerpt":{"rendered":"<p>Am 1. Juni ist in Hessen ein wichtiger Termin. Wir und unsere Kinder d\u00fcrfen n\u00e4mlich selbst entscheiden, ob unsere Kinder eine Klasse wiederholen.Es soll n\u00e4mlich jeder versetzt werden, der in der letzten Klasse auch versetzt geworden w\u00e4re, wenn das Versetzen nicht abgeschafft gewesen w\u00e4re.Kinder und Eltern d\u00fcrfen aber selbst entscheiden, ob man nicht doch lieber &hellip; <a href=\"https:\/\/www.palandun.de\/index.php\/2021\/06\/30\/gesammeltes-juni-2021\/\" class=\"more-link\"><span class=\"screen-reader-text\">\u201eGesammeltes Juni 2021\u201c <\/span>weiterlesen<\/a><\/p>\n","protected":false},"author":2,"featured_media":0,"comment_status":"closed","ping_status":"closed","sticky":false,"template":"","format":"standard","meta":{"footnotes":""},"categories":[2],"tags":[],"class_list":["post-962","post","type-post","status-publish","format-standard","hentry","category-satire"],"_links":{"self":[{"href":"https:\/\/www.palandun.de\/index.php\/wp-json\/wp\/v2\/posts\/962","targetHints":{"allow":["GET"]}}],"collection":[{"href":"https:\/\/www.palandun.de\/index.php\/wp-json\/wp\/v2\/posts"}],"about":[{"href":"https:\/\/www.palandun.de\/index.php\/wp-json\/wp\/v2\/types\/post"}],"author":[{"embeddable":true,"href":"https:\/\/www.palandun.de\/index.php\/wp-json\/wp\/v2\/users\/2"}],"replies":[{"embeddable":true,"href":"https:\/\/www.palandun.de\/index.php\/wp-json\/wp\/v2\/comments?post=962"}],"version-history":[{"count":1,"href":"https:\/\/www.palandun.de\/index.php\/wp-json\/wp\/v2\/posts\/962\/revisions"}],"predecessor-version":[{"id":967,"href":"https:\/\/www.palandun.de\/index.php\/wp-json\/wp\/v2\/posts\/962\/revisions\/967"}],"wp:attachment":[{"href":"https:\/\/www.palandun.de\/index.php\/wp-json\/wp\/v2\/media?parent=962"}],"wp:term":[{"taxonomy":"category","embeddable":true,"href":"https:\/\/www.palandun.de\/index.php\/wp-json\/wp\/v2\/categories?post=962"},{"taxonomy":"post_tag","embeddable":true,"href":"https:\/\/www.palandun.de\/index.php\/wp-json\/wp\/v2\/tags?post=962"}],"curies":[{"name":"wp","href":"https:\/\/api.w.org\/{rel}","templated":true}]}}