{"id":972,"date":"2021-08-31T20:44:00","date_gmt":"2021-08-31T20:44:00","guid":{"rendered":"https:\/\/www.palandun.de\/?p=972"},"modified":"2021-10-11T20:45:31","modified_gmt":"2021-10-11T20:45:31","slug":"gesammeltes-august-2021","status":"publish","type":"post","link":"https:\/\/www.palandun.de\/index.php\/2021\/08\/31\/gesammeltes-august-2021\/","title":{"rendered":"Gesammeltes August 2021"},"content":{"rendered":"\n<p>Habe mir \u00fcberlegt, was eigentlich &#8222;Der Markt regelt das&#8220; f\u00fcr die Corona-Impfung bedeuten w\u00fcrde. Also wenn jetzt wirklich der Markt das regeln w\u00fcrde. Ich w\u00fcrde dann davon ausgehen, dass vermutlich das reichste Drittel zuerst geimpft worden w\u00e4re.<\/p>\n\n\n\n<p>Dann ist mir aufgefallen, dass nur sch\u00e4tzungsweise 1\/3 der Erdbev\u00f6lkerung bisher geimpft wurde&#8230; und das waren nicht die Armen&#8230;<\/p>\n\n\n\n<p>Wird sich 2015 wiederholen? Es ist nicht auszuschlie\u00dfen. Wir m\u00fcssten ja nur eine neue Zeitrechnung beginnen, das gab es schon h\u00e4ufiger. Das Jahr 2015 wird allerdings dann nicht schnell erreicht werden.<br>Wird es so wie 2015 oder schlimmer? Vermutlich genauso: die Braun-hirnigen werden wieder aus den L\u00f6chern gekrochen kommen.<br>Hast Du Angst vor dem, was passieren wird (\u00c4u\u00dferungen AfD, Maassen, Wendt)? Ja, ich habe Angst vor Leuten wie Maassen und Wendt.<br>Hast Du Angst vor den Afghanen, weil die soviele sind und weil die ja nicht hier sozialisiert wurden?<br>Ich habe tats\u00e4chlich Angst davor, dass die deutsche Politik genauso dilletantisch vorgeht wie 2015 &#8211; da hatte die Regierung zwar teilweise ein bisschen christliches Vorgehen, aber wenig Plan intus.<br>Es geht aber jetzt mit erster Prio um Afghanen, die unseren Soldaten vor Ort geholfen haben und deswegen besonders in Gefahr sind. Ich gehe nicht davon aus, dass es die \u00f6rtlichen Unruhestifter sind, sonst h\u00e4tten sie die Jobs vermutlich gar nicht bekommen. Insofern rechne ich bei denen mit wenig Problemen, wenn wir sie nach Deutschland holen\u2026<\/p>\n\n\n\n<p>Aus dem gross-gerauer echo: \u201eumfragetief &#8211; laschet setzt auf teamarbeit.\u201c kann man falsch verstehen.<\/p>\n\n\n\n<p>Die Gr\u00fcnen wollen Lastenr\u00e4der f\u00f6rdern. Mit 1000 Euro. Jetzt kann man da den Vor- und Nachteil von diskutieren, aber: das &#8222;Das k\u00f6nnen aber nicht alle nutzen, denn auf dem Land bringt das nix&#8220; von CDU und FDP finde ich etwas dreist angesichts der Tatsache, dass die Braunkohlef\u00f6rderung in meinem Vorgarten noch immer nicht m\u00f6glich ist. Au\u00dferdem k\u00f6nnte ich vorstellen, dass man das als Erg\u00e4nzung sehen kann zu anderen F\u00f6rderungen wie z.B. von E-Autos &#8211; der St\u00e4dter kriegt sein Lastenrad, der L\u00e4ndler sein E-Auto, dann sind alle gl\u00fccklich. Wenn wir bei unserer Energiewende nach der einen gl\u00fccklich machenden L\u00f6sung suchen, die f\u00fcr alle genau die richtige ist, werden wir n\u00e4mlich etwas lange suchen.<\/p>\n\n\n\n<p>Ist eigentlich jemandem mal aufgefallen, dass sehr selten &#8211; eigentlich nie &#8211; von CDU\/CSU-W\u00e4hlern sowas kommt wie \u201eDer Laschet kann das. Das wird super.\u201c Daf\u00fcr um so h\u00e4ufiger \u201eMit Baerbock und den Gr\u00fcnen wird alles viel schlimmer!\u201c ? Gibt auch zu denken\u2026<\/p>\n\n\n\n<p>Manchmal kommt es mir so vor, als gebe es Herrn Scheuer nur, damit er von Kl\u00f6ckner, Kramp-Karrenbauer, Spahn und Seehofer ablenken kann.<\/p>\n\n\n\n<p>Was vereint eigentlich Merz und S\u00f6der? Das unbedingte Machtstreben garniert mit der Unf\u00e4higkeit, sich in Abstimmungen gegen den Klassenclown der CDU durchzusetzen.<\/p>\n","protected":false},"excerpt":{"rendered":"<p>Habe mir \u00fcberlegt, was eigentlich &#8222;Der Markt regelt das&#8220; f\u00fcr die Corona-Impfung bedeuten w\u00fcrde. Also wenn jetzt wirklich der Markt das regeln w\u00fcrde. Ich w\u00fcrde dann davon ausgehen, dass vermutlich das reichste Drittel zuerst geimpft worden w\u00e4re. Dann ist mir aufgefallen, dass nur sch\u00e4tzungsweise 1\/3 der Erdbev\u00f6lkerung bisher geimpft wurde&#8230; und das waren nicht die &hellip; <a href=\"https:\/\/www.palandun.de\/index.php\/2021\/08\/31\/gesammeltes-august-2021\/\" class=\"more-link\"><span class=\"screen-reader-text\">\u201eGesammeltes August 2021\u201c <\/span>weiterlesen<\/a><\/p>\n","protected":false},"author":2,"featured_media":0,"comment_status":"closed","ping_status":"closed","sticky":false,"template":"","format":"standard","meta":{"footnotes":""},"categories":[6],"tags":[],"class_list":["post-972","post","type-post","status-publish","format-standard","hentry","category-in-kuerze"],"_links":{"self":[{"href":"https:\/\/www.palandun.de\/index.php\/wp-json\/wp\/v2\/posts\/972","targetHints":{"allow":["GET"]}}],"collection":[{"href":"https:\/\/www.palandun.de\/index.php\/wp-json\/wp\/v2\/posts"}],"about":[{"href":"https:\/\/www.palandun.de\/index.php\/wp-json\/wp\/v2\/types\/post"}],"author":[{"embeddable":true,"href":"https:\/\/www.palandun.de\/index.php\/wp-json\/wp\/v2\/users\/2"}],"replies":[{"embeddable":true,"href":"https:\/\/www.palandun.de\/index.php\/wp-json\/wp\/v2\/comments?post=972"}],"version-history":[{"count":1,"href":"https:\/\/www.palandun.de\/index.php\/wp-json\/wp\/v2\/posts\/972\/revisions"}],"predecessor-version":[{"id":973,"href":"https:\/\/www.palandun.de\/index.php\/wp-json\/wp\/v2\/posts\/972\/revisions\/973"}],"wp:attachment":[{"href":"https:\/\/www.palandun.de\/index.php\/wp-json\/wp\/v2\/media?parent=972"}],"wp:term":[{"taxonomy":"category","embeddable":true,"href":"https:\/\/www.palandun.de\/index.php\/wp-json\/wp\/v2\/categories?post=972"},{"taxonomy":"post_tag","embeddable":true,"href":"https:\/\/www.palandun.de\/index.php\/wp-json\/wp\/v2\/tags?post=972"}],"curies":[{"name":"wp","href":"https:\/\/api.w.org\/{rel}","templated":true}]}}