{"id":990,"date":"2021-12-31T09:43:00","date_gmt":"2021-12-31T09:43:00","guid":{"rendered":"https:\/\/www.palandun.de\/?p=990"},"modified":"2022-01-20T09:51:01","modified_gmt":"2022-01-20T09:51:01","slug":"gesammeltes-dezember-2021","status":"publish","type":"post","link":"https:\/\/www.palandun.de\/index.php\/2021\/12\/31\/gesammeltes-dezember-2021\/","title":{"rendered":"Gesammeltes Dezember 2021"},"content":{"rendered":"\n<p>2.12.: Seit langer zeit zum ersten mal wieder im Kabarett. Einlasskontrolle wie Zutritt in den Tresorbereich. Tickets. Impfpass. Testung. Perso. Nachverfolgungsapp. Und alles freundlich und ruhig.Wenn das alle professionell so durchf\u00fchren w\u00fcrden wie <a href=\"https:\/\/www.facebook.com\/KASKabarettTheaterFrankfurt\/?__cft__[0]=AZXIUawyuj8IeUsK3C-di8WKMvkTkk-xqkG6d6kLy8ZxopjPsrKqEu9-z5Z0mimhUDuSDrvOJXQeF0UGG6zpc7DES5f_I7fALOYhbOX5HH9kuEUAjxohR4b8SVRhHnq-43WjDl5Ohbl4wLsdJhua3wBe&amp;__tn__=kK-R\">Die K\u00c4S<\/a> , h\u00e4tten wir weitaus weniger Probleme.<\/p>\n\n\n\n<p>Nach den neuesten Worten der Mecklenburger-Vorpommerischen Bildungsministerin Oldenburg und bei Betrachtung der bisherigen Gebauerschen Taten in NRW beschleicht mich das Gef\u00fchl, dass die deutsche Bildungsmisere am besten anhand der Bildungsminister erkl\u00e4rt werden kann.Apropos Schule: Mein Sohn hat heute Sozialkompetenz bewiesen. Sie machten heute einen Ausflug und der Lehrer hatte ihn vorher explizit gebeten, mal keine kurze Hose anzuziehen. Er ist dann mit der \u00be-Hose los.<\/p>\n\n\n\n<p>So, zum ersten Mal Wahlhelfer gewesen. Von \u00fcber 1300 W\u00e4hlern im Wahlbezirk hatten ca. 240 schon Briefwahl gemacht, es kamen dann 79 (54 in meinen 5 Stunden). Stimmung war gut. Gummib\u00e4rchen kamen gut an. Und dennoch haben 7 Leute 10m entfernt von mir AfD angekreuzt&#8230; Da denkt man dann nachher schon: wer war das?Auf der anderen Seite: vorher hat man mir erz\u00e4hlt, dass junge Leute nicht w\u00e4hlen gehen. Genauso wie Ausl\u00e4nder oder Leute mit ausl\u00e4ndischen Wurzeln. Kann ich nicht so best\u00e4tigen &#8211; und finde das sehr gut. Wei\u00df jetzt auch, wie griechische P\u00e4sse aussehen.<\/p>\n\n\n\n<p>\u201eKlar ist, dass es \u00fcber Weihnachten zahlreiche Familienkontakte geben wird. Die werden nach aller Erfahrung auch wieder f\u00fcr eine Reihe von Ansteckungen sorgen.\u201cDeswegen will der Herr Weil nach Weihnachten eine begrenzte Auszeit f\u00fcr die B\u00fcrger.So rein von der Gemengelage: bis Weihnachten machen wir erstmal weiter. Das gro\u00dfe Corona-Ausbreitungsereignis machen wir auch noch. Danach machen wir dann mal dicht.These: von der Klimapolitik lernen heisst &#8230; Auf der anderen Seite: an Weihnachten geht man mal lieber nicht dran, da kocht die Volksseele. Man kann vielleicht an Weihnachten keine Zuschauer bei Bundesligaspielen zulassen.<\/p>\n\n\n\n<p>Cem \u00d6zdemir hat seine Ernennungsurkunde mit dem Fahrrad abgeholt. Strecke (hin und zur\u00fcck) unter 4 km.Neben vielen wohlwollenden Kommentaren las ich dann auch so was wie:\u201enach dem Wahlkampf ist vor dem Wahlkampf\u201c\u201eSymbolpolitik\u201c\u201eund jetzt hat er das Klima gerettet\u201c\u201eBillige PR Masche\u201cEigentlich sollte das, was \u00d6zdemir gemacht hat, gar nicht berichtenswert und nicht kommentierenswert sein. Eigentlich w\u00e4re interessanter zu berichten, dass dort scheinbar Politiker f\u00fcr einen sehr kurzen Weg das Auto genommen haben statt zu Fu\u00df oder mit dem Fahrrad zu kommen.Schade ist, dass die Autonutzung als &#8222;der Normalfall&#8220; gilt.<\/p>\n\n\n\n<p>Wenn am Tag der Menschenrechte Grossbritanien die Auslieferung von Assange besiegelt- ist das nicht ein Zeichen des Friedens? China, saudi-arabien etc.: egal was wir sagen, egal wie humanit\u00e4r wir uns geben &#8211; wenn es hart auf hart kommt, sind wir doch eigentlich auf eurer Seite?<\/p>\n\n\n\n<p>17.12.: Hatte heute nacht einen Traum: ich habe jemandem die Hand gegeben. Kam mir komisch vor&#8230;<\/p>\n\n\n\n<p>18.12.: Heute ist mir wieder aufgefallen, dass bei vielen Medienberichten genau gesagt wird, was f\u00fcr Regeln f\u00fcr Geimpfte, Nichtgeimpfte, Geboosterte, Verschw\u00e4gerte, Getestete, Getestete Geimpfte Geboosterte gelten. Aber nur bei einem Bruchteil der Meldungen &#8211; auch der l\u00e4ngeren Meldungen &#8211; wird gesagt, was eigentlich f\u00fcr Kinder unter 12 Jahre gilt oder f\u00fcr Kinder, die gerade 12 Jahre geworden sind (und deswegen noch nicht ungeimpft. Das w\u00e4re verst\u00e4ndlich, wenn man sagen w\u00fcrde: die betrachten wir gar nicht &#8211; aber die Regeln in den Bundesl\u00e4ndern sind da unterschiedlich&#8230;Ich frage mich, ob das auch so eine Aussage \u00fcber den Stellenwert ist, den Kinder bei uns haben.<\/p>\n","protected":false},"excerpt":{"rendered":"<p>2.12.: Seit langer zeit zum ersten mal wieder im Kabarett. Einlasskontrolle wie Zutritt in den Tresorbereich. Tickets. Impfpass. Testung. Perso. Nachverfolgungsapp. Und alles freundlich und ruhig.Wenn das alle professionell so durchf\u00fchren w\u00fcrden wie Die K\u00c4S , h\u00e4tten wir weitaus weniger Probleme. Nach den neuesten Worten der Mecklenburger-Vorpommerischen Bildungsministerin Oldenburg und bei Betrachtung der bisherigen Gebauerschen &hellip; <a href=\"https:\/\/www.palandun.de\/index.php\/2021\/12\/31\/gesammeltes-dezember-2021\/\" class=\"more-link\"><span class=\"screen-reader-text\">\u201eGesammeltes Dezember 2021\u201c <\/span>weiterlesen<\/a><\/p>\n","protected":false},"author":2,"featured_media":0,"comment_status":"closed","ping_status":"closed","sticky":false,"template":"","format":"standard","meta":{"footnotes":""},"categories":[22,6],"tags":[],"class_list":["post-990","post","type-post","status-publish","format-standard","hentry","category-corona","category-in-kuerze"],"_links":{"self":[{"href":"https:\/\/www.palandun.de\/index.php\/wp-json\/wp\/v2\/posts\/990","targetHints":{"allow":["GET"]}}],"collection":[{"href":"https:\/\/www.palandun.de\/index.php\/wp-json\/wp\/v2\/posts"}],"about":[{"href":"https:\/\/www.palandun.de\/index.php\/wp-json\/wp\/v2\/types\/post"}],"author":[{"embeddable":true,"href":"https:\/\/www.palandun.de\/index.php\/wp-json\/wp\/v2\/users\/2"}],"replies":[{"embeddable":true,"href":"https:\/\/www.palandun.de\/index.php\/wp-json\/wp\/v2\/comments?post=990"}],"version-history":[{"count":1,"href":"https:\/\/www.palandun.de\/index.php\/wp-json\/wp\/v2\/posts\/990\/revisions"}],"predecessor-version":[{"id":993,"href":"https:\/\/www.palandun.de\/index.php\/wp-json\/wp\/v2\/posts\/990\/revisions\/993"}],"wp:attachment":[{"href":"https:\/\/www.palandun.de\/index.php\/wp-json\/wp\/v2\/media?parent=990"}],"wp:term":[{"taxonomy":"category","embeddable":true,"href":"https:\/\/www.palandun.de\/index.php\/wp-json\/wp\/v2\/categories?post=990"},{"taxonomy":"post_tag","embeddable":true,"href":"https:\/\/www.palandun.de\/index.php\/wp-json\/wp\/v2\/tags?post=990"}],"curies":[{"name":"wp","href":"https:\/\/api.w.org\/{rel}","templated":true}]}}