{"id":991,"date":"2021-12-18T09:49:00","date_gmt":"2021-12-18T09:49:00","guid":{"rendered":"https:\/\/www.palandun.de\/?p=991"},"modified":"2022-01-20T09:50:08","modified_gmt":"2022-01-20T09:50:08","slug":"kimmich-beichtet","status":"publish","type":"post","link":"https:\/\/www.palandun.de\/index.php\/2021\/12\/18\/kimmich-beichtet\/","title":{"rendered":"Kimmich beichtet"},"content":{"rendered":"\n<p>Im Falle Kimmich kommen ein paar interessante Sachen zusammen. Deswegen will ich doch noch mal was zu schreiben.<\/p>\n\n\n\n<p>Es gibt da einen sch\u00f6nen Satz zur Software-Architektur: \u201eWann treffe ich Architekturentscheidungen?\u201c Antwort: \u201eSo sp\u00e4t wie m\u00f6glich, so fr\u00fch wie n\u00f6tig.\u201c Den gibt es wahrscheinlich nicht nur dort. Die Frage ist: wann ist der geeignete Zeitpunkt, um eine Entscheidung zu treffen? Und ganz ehrlich: da kann man sich versch\u00e4tzen (mal abgesehen davon, dass man auch daneben liegen kann und eine falsche \/ eine zu sp\u00e4te \/ eine zu fr\u00fche Entscheidung treffen kann). Als die Impfungen auf den Markt kamen, hat mein Vater mich gefragt, ob ich mich impfen lasse. Meine Antwort war, dass ich mich noch nicht entschieden habe, sondern weitere Erkenntnisse abwarte \u2013 konnte ich mir damals gut leisten, weil ich ja eh noch nicht dran war.<\/p>\n\n\n\n<p>Meiner Ansicht nach hat Kimmich seine pers\u00f6nliche Impfentscheidung zu sp\u00e4t getroffen. Das ist aber seine Sache und kann wie gesagt einfach auch passieren. Er hat bedeutende Fakten ignoriert bei seiner Entscheidung.<br>Auch das kann nat\u00fcrlich passieren. Was die Sache problematisch machte, war, dass er das \u00f6ffentlich gemacht hat und sich dann andere auf diese Entscheidung st\u00fcrzten \u2013 \u00fcbrigens beidseitig, Impfbef\u00fcrworter wie Impfgegner.<\/p>\n\n\n\n<p>Dann muss man auf die Qualit\u00e4t der Aussagen gucken: es gab einige, die ihm L\u00fccken in der Argumentation zurecht aufzeigten. Das war richtig und sinnvoll.<\/p>\n\n\n\n<p>Dann gab es aber auch beidseitig viel Buh und viel Hurra, was nicht weiterbrachte.<\/p>\n\n\n\n<p>Dann hat er es geschafft, auch noch krank zu werden. Auch hier gab es dann hin und wieder unangebrachte H\u00e4me \u2013 seine Entscheidung hat sich als ung\u00fcnstig erwiesen, das hat aber jeder schon mal geschafft.<br>Vollkommen losgel\u00f6st davon sehe ich allerdings, dass einige Pressevertreter \u00fcbertrieben haben und z.B. die Beerdigung seines Gro\u00dfvaters heimsuchten. Das hatte nicht wirklich was mit Corona zu tun, dass ist einfach asoziales Verhalten, das Teile der Presse seit Jahren zeigen.<\/p>\n\n\n\n<p>Was Kimmich aber bei seiner \u201eBeichte\u201c wieder zeigte, war ein interessantes Sendungsbewusstsein \u2013 er sprach \u00fcber die Spaltung der Gesellschaft und \u201edass man die Leute nicht zwingen darf\u201c. Nat\u00fcrlich ohne Alternativideen. Da habe ich mir schon gew\u00fcnscht, dass er einfach mal nix gesagt h\u00e4tte. Einfach mal \u201eIch habe mein Verhalten mittlerweile \u00fcberdacht, danke, Ende der Pressekonferenz\u201c h\u00e4tte mir besser gefallen. Auf der anderen Seite hat er nat\u00fcrlich das Recht, seine Meinung zu sagen. Und ich habe das Recht, die Meinung zu kritisieren. Selbst wenn ihn das nicht interessieren d\u00fcrfte.<\/p>\n","protected":false},"excerpt":{"rendered":"<p>Im Falle Kimmich kommen ein paar interessante Sachen zusammen. Deswegen will ich doch noch mal was zu schreiben. Es gibt da einen sch\u00f6nen Satz zur Software-Architektur: \u201eWann treffe ich Architekturentscheidungen?\u201c Antwort: \u201eSo sp\u00e4t wie m\u00f6glich, so fr\u00fch wie n\u00f6tig.\u201c Den gibt es wahrscheinlich nicht nur dort. Die Frage ist: wann ist der geeignete Zeitpunkt, um &hellip; <a href=\"https:\/\/www.palandun.de\/index.php\/2021\/12\/18\/kimmich-beichtet\/\" class=\"more-link\"><span class=\"screen-reader-text\">\u201eKimmich beichtet\u201c <\/span>weiterlesen<\/a><\/p>\n","protected":false},"author":2,"featured_media":0,"comment_status":"closed","ping_status":"closed","sticky":false,"template":"","format":"standard","meta":{"footnotes":""},"categories":[22],"tags":[],"class_list":["post-991","post","type-post","status-publish","format-standard","hentry","category-corona"],"_links":{"self":[{"href":"https:\/\/www.palandun.de\/index.php\/wp-json\/wp\/v2\/posts\/991","targetHints":{"allow":["GET"]}}],"collection":[{"href":"https:\/\/www.palandun.de\/index.php\/wp-json\/wp\/v2\/posts"}],"about":[{"href":"https:\/\/www.palandun.de\/index.php\/wp-json\/wp\/v2\/types\/post"}],"author":[{"embeddable":true,"href":"https:\/\/www.palandun.de\/index.php\/wp-json\/wp\/v2\/users\/2"}],"replies":[{"embeddable":true,"href":"https:\/\/www.palandun.de\/index.php\/wp-json\/wp\/v2\/comments?post=991"}],"version-history":[{"count":1,"href":"https:\/\/www.palandun.de\/index.php\/wp-json\/wp\/v2\/posts\/991\/revisions"}],"predecessor-version":[{"id":992,"href":"https:\/\/www.palandun.de\/index.php\/wp-json\/wp\/v2\/posts\/991\/revisions\/992"}],"wp:attachment":[{"href":"https:\/\/www.palandun.de\/index.php\/wp-json\/wp\/v2\/media?parent=991"}],"wp:term":[{"taxonomy":"category","embeddable":true,"href":"https:\/\/www.palandun.de\/index.php\/wp-json\/wp\/v2\/categories?post=991"},{"taxonomy":"post_tag","embeddable":true,"href":"https:\/\/www.palandun.de\/index.php\/wp-json\/wp\/v2\/tags?post=991"}],"curies":[{"name":"wp","href":"https:\/\/api.w.org\/{rel}","templated":true}]}}