{"id":996,"date":"2022-01-19T06:52:00","date_gmt":"2022-01-19T06:52:00","guid":{"rendered":"https:\/\/www.palandun.de\/?p=996"},"modified":"2022-01-20T09:54:00","modified_gmt":"2022-01-20T09:54:00","slug":"bin-ich-radfahrer","status":"publish","type":"post","link":"https:\/\/www.palandun.de\/index.php\/2022\/01\/19\/bin-ich-radfahrer\/","title":{"rendered":"Bin ich Radfahrer?"},"content":{"rendered":"\n<p>Es gibt bei Diskussionen \u00fcber Stra\u00dfenverkehr eine wichtige Frage: bist Du Radfahrer oder Autofahrer? F\u00fcr die Lagerbildung enorm wichtig.<\/p>\n\n\n\n<p>Ich habe mal nachgeguckt: ich bin gar kein Radfahrer.<\/p>\n\n\n\n<p>Die meisten Kilometer fahre ich mit dem Auto (fr\u00fcher mal mit der Bahn).<\/p>\n\n\n\n<p>Die meiste Zeit: da k\u00f6nnten Rad und Auto sich die Waage halten. Aber: tats\u00e4chlich gewinnt hier \u00fcberraschenderweise der Fu\u00dfg\u00e4nger.<\/p>\n\n\n\n<p>Auch schwierig: welche Leute sind denn meine Lieblingsgegner, die ich so richtig hassen kann? Nicht so einfach. Woran erinnere ich mich nicht so gerne\u2026<\/p>\n\n\n\n<p>Da war:<\/p>\n\n\n\n<p>Der Fu\u00dfg\u00e4nger, der nahe dem Friedhof Walldorf nach Geh\u00f6r vor- und pl\u00f6tzlich auf die Stra\u00dfe ging. War knapp.<\/p>\n\n\n\n<p>Der Radfahrer, der mir mit Handy in der Hand aus Richtung R\u00fcsselsheim entgegenkam, was ich auf lange Sicht sah \u2013 aber er schaffte es \u00fcber mehrere 100m nicht, mal aufzublicken und reagierte auch nicht auf Klingeln. Anschreien half, war aber knapp.<\/p>\n\n\n\n<p>Der Lkw-Fahrer, der mich in der Dieselstra\u00dfe \u00fcberholte und seinen Anh\u00e4nger nicht so richtig ins \u00dcberholman\u00f6ver einbezog. War sehr knapp.<\/p>\n\n\n\n<p>Die Frau mit dem Hund auf dem Waldweg, die dann allerdings in einen Seitenweg einbog. Der Hund kam dann nochmal zur\u00fcckgelaufen. War nicht so knapp, hatte damit gerechnet, dass das passieren kann.<\/p>\n\n\n\n<p>Die Frau, die pl\u00f6tzlich mit dem Rad aus der Einfahrt fuhr, ohne dass sie guckte. War knapp.<\/p>\n\n\n\n<p>Der Autofahrer, der mir in den Irrg\u00e4rten Walldorfs die Vorfahrt nahm, dann allerdings anhielt, als er das merkte. War nicht so knapp, ich fahre da meist vorsichtig genug.<br>Unterschied \u00fcbrigens zwischen den 3 ersten und den 3 letzten: die letzten haben sich entschuldigt (m\u00fcndlich oder mit Gesten).<\/p>\n\n\n\n<p>Mal zusammengefasst: ich f\u00fchle mich in Diskussionen nicht einer der Gruppen \u2013 Radfahrer, Autofahrer, Fu\u00dfg\u00e4nger \u2013 zugeh\u00f6rig, da ich in allen 3 Gruppen durch Tat implizit drinstecke.<\/p>\n\n\n\n<p>Ich sehe auch keine Gruppe, die man so richtig nicht m\u00f6gen k\u00f6nnte, da in allen 3 Gruppen Leute drin sind, die Arschlochverhalten zeigen, aber auch ganz viel Nette.<\/p>\n\n\n\n<p>Es gibt allerdings einen Menschenschlag, den ich nicht mag: Leute, die in Diskussionen pauschalisieren und eine der Gruppen niedermachen. Gerne auch aus dem Kontext ausbrechend \u00fcber Fehlverhalten der jeweils gehassten schimpfen. Leute, bei denen ich auch vermute, dass sie sich im Stra\u00dfenverkehr nicht ad\u00e4quat verhalten, weil ihnen einfach die Einsicht in die Belange der jeweiligen Gruppe fehlt.<\/p>\n","protected":false},"excerpt":{"rendered":"<p>Es gibt bei Diskussionen \u00fcber Stra\u00dfenverkehr eine wichtige Frage: bist Du Radfahrer oder Autofahrer? F\u00fcr die Lagerbildung enorm wichtig. Ich habe mal nachgeguckt: ich bin gar kein Radfahrer. Die meisten Kilometer fahre ich mit dem Auto (fr\u00fcher mal mit der Bahn). Die meiste Zeit: da k\u00f6nnten Rad und Auto sich die Waage halten. Aber: tats\u00e4chlich &hellip; <a href=\"https:\/\/www.palandun.de\/index.php\/2022\/01\/19\/bin-ich-radfahrer\/\" class=\"more-link\"><span class=\"screen-reader-text\">\u201eBin ich Radfahrer?\u201c <\/span>weiterlesen<\/a><\/p>\n","protected":false},"author":2,"featured_media":0,"comment_status":"closed","ping_status":"closed","sticky":false,"template":"","format":"standard","meta":{"footnotes":""},"categories":[15],"tags":[],"class_list":["post-996","post","type-post","status-publish","format-standard","hentry","category-nachdenkliches"],"_links":{"self":[{"href":"https:\/\/www.palandun.de\/index.php\/wp-json\/wp\/v2\/posts\/996","targetHints":{"allow":["GET"]}}],"collection":[{"href":"https:\/\/www.palandun.de\/index.php\/wp-json\/wp\/v2\/posts"}],"about":[{"href":"https:\/\/www.palandun.de\/index.php\/wp-json\/wp\/v2\/types\/post"}],"author":[{"embeddable":true,"href":"https:\/\/www.palandun.de\/index.php\/wp-json\/wp\/v2\/users\/2"}],"replies":[{"embeddable":true,"href":"https:\/\/www.palandun.de\/index.php\/wp-json\/wp\/v2\/comments?post=996"}],"version-history":[{"count":1,"href":"https:\/\/www.palandun.de\/index.php\/wp-json\/wp\/v2\/posts\/996\/revisions"}],"predecessor-version":[{"id":997,"href":"https:\/\/www.palandun.de\/index.php\/wp-json\/wp\/v2\/posts\/996\/revisions\/997"}],"wp:attachment":[{"href":"https:\/\/www.palandun.de\/index.php\/wp-json\/wp\/v2\/media?parent=996"}],"wp:term":[{"taxonomy":"category","embeddable":true,"href":"https:\/\/www.palandun.de\/index.php\/wp-json\/wp\/v2\/categories?post=996"},{"taxonomy":"post_tag","embeddable":true,"href":"https:\/\/www.palandun.de\/index.php\/wp-json\/wp\/v2\/tags?post=996"}],"curies":[{"name":"wp","href":"https:\/\/api.w.org\/{rel}","templated":true}]}}