{"id":998,"date":"2022-01-20T07:54:00","date_gmt":"2022-01-20T07:54:00","guid":{"rendered":"https:\/\/www.palandun.de\/?p=998"},"modified":"2022-01-20T09:55:06","modified_gmt":"2022-01-20T09:55:06","slug":"corona-endet","status":"publish","type":"post","link":"https:\/\/www.palandun.de\/index.php\/2022\/01\/20\/corona-endet\/","title":{"rendered":"Corona endet"},"content":{"rendered":"\n<p>Corona als Riesenproblem wird enden. Und viele werden sich als Sieger f\u00fchlen und den Sieg f\u00fcr sich deklarieren, Impfbef\u00fcrworter ebenso wie Impfgegner.<\/p>\n\n\n\n<p>Eine Impfpflicht wird es vermutlich nicht mehr geben, da sie nicht mehr n\u00f6tig sein wird. Eine Impfpflicht w\u00fcrde jetzt Sinn machen. Vermutlich im Sommer schon nicht mehr, da ohne Impfpflicht dann genug Leute schon<br>Corona durchgemacht haben oder geimpft sind, so dass ab dann eine \u00dcberlastung des Gesundheitssystems unwahrscheinlicher wird.<br>Wir werden das allerdings bezahlen \u2013 einerseits mit Menschenleben, andererseits mit Kosten, da eine fehlende Impfpflicht mit l\u00e4nger andauernden Ma\u00dfnahmen einhergeht. Oder anders gesagt: h\u00e4tten wir die Impfpflicht schon letztes Jahr im Oktober bekommen, h\u00e4tten wir uns vermutlich einiges an Ma\u00dfnahmen und Umsatzverlusten z.B. in der Gastronomie oder der Unterhaltungsbranche ersparen k\u00f6nnen. Auch bei Tests h\u00e4tten wir sparen k\u00f6nnen, die sind schon nach kurzer Zeit teurer als Impfungen.<\/p>\n\n\n\n<p>Es wird h\u00e4ufig geschrieben: wir m\u00fcssen dem Virus leben. Gerne von Leuten, die sich das mit Wort \u201eleben\u201c nicht so \u00fcberlegt haben. Denn wir mussten erstmal daf\u00fcr sorgen, dass auch viele Leute das \u00fcberleben.<\/p>\n\n\n\n<p>Im Kern ist das \u201ewir m\u00fcssen damit leben\u201c nat\u00fcrlich richtig \u2013 und platt. Wir m\u00fcssen mit allem leben. Wenn Dinge passieren \u2013 Krankheiten, Naturkatastrophen, Helene Fischer -, dann m\u00fcssen wir versuchen, damit umzugehen.<br>Das blo\u00dfe Ignorieren davon hilft nur meistens nicht.<\/p>\n\n\n\n<p>Corona wird heimisch bei uns, und zwar wahrscheinlich noch in diesem Jahr. F\u00fcr unsere Kinder wird das gar nicht so schlimm sein, da sie sehr fr\u00fch damit in Ber\u00fchrung kommen werden. F\u00fcr Erwachsene wird es vermutlich tats\u00e4chlich \u201ewie Grippe\u201c sein: man kann sich dagegen impfen, die Impfstoffe werden j\u00e4hrlich angepasst werden. Wie bei Grippe werden Erwachsene daran sterben \u2013 Nichtgeimpfte um einiges h\u00e4ufiger.<\/p>\n\n\n\n<p>Man k\u00f6nnte dann noch Lehren ziehen. Beispielsweise bez\u00fcglich der Lieferketten, der Bezahlung von Logistik, der Finanzierung und Ausgestaltung des Gesundheitssektors oder der M\u00f6glichkeit, bei Erk\u00e4ltungskrankheiten Masken zu tragen, um die Mitmenschen zu sch\u00fctzen\u2026 wird man aber nicht. Die schwarze Null wird irgendwann wieder stehen, bis zur n\u00e4chsten Pandemie. Dann wird wieder 2 Tage sp\u00e4ter das Klopapier ausverkauft sein.<\/p>\n","protected":false},"excerpt":{"rendered":"<p>Corona als Riesenproblem wird enden. Und viele werden sich als Sieger f\u00fchlen und den Sieg f\u00fcr sich deklarieren, Impfbef\u00fcrworter ebenso wie Impfgegner. Eine Impfpflicht wird es vermutlich nicht mehr geben, da sie nicht mehr n\u00f6tig sein wird. Eine Impfpflicht w\u00fcrde jetzt Sinn machen. Vermutlich im Sommer schon nicht mehr, da ohne Impfpflicht dann genug Leute &hellip; <a href=\"https:\/\/www.palandun.de\/index.php\/2022\/01\/20\/corona-endet\/\" class=\"more-link\"><span class=\"screen-reader-text\">\u201eCorona endet\u201c <\/span>weiterlesen<\/a><\/p>\n","protected":false},"author":2,"featured_media":0,"comment_status":"closed","ping_status":"closed","sticky":false,"template":"","format":"standard","meta":{"footnotes":""},"categories":[22],"tags":[],"class_list":["post-998","post","type-post","status-publish","format-standard","hentry","category-corona"],"_links":{"self":[{"href":"https:\/\/www.palandun.de\/index.php\/wp-json\/wp\/v2\/posts\/998","targetHints":{"allow":["GET"]}}],"collection":[{"href":"https:\/\/www.palandun.de\/index.php\/wp-json\/wp\/v2\/posts"}],"about":[{"href":"https:\/\/www.palandun.de\/index.php\/wp-json\/wp\/v2\/types\/post"}],"author":[{"embeddable":true,"href":"https:\/\/www.palandun.de\/index.php\/wp-json\/wp\/v2\/users\/2"}],"replies":[{"embeddable":true,"href":"https:\/\/www.palandun.de\/index.php\/wp-json\/wp\/v2\/comments?post=998"}],"version-history":[{"count":1,"href":"https:\/\/www.palandun.de\/index.php\/wp-json\/wp\/v2\/posts\/998\/revisions"}],"predecessor-version":[{"id":999,"href":"https:\/\/www.palandun.de\/index.php\/wp-json\/wp\/v2\/posts\/998\/revisions\/999"}],"wp:attachment":[{"href":"https:\/\/www.palandun.de\/index.php\/wp-json\/wp\/v2\/media?parent=998"}],"wp:term":[{"taxonomy":"category","embeddable":true,"href":"https:\/\/www.palandun.de\/index.php\/wp-json\/wp\/v2\/categories?post=998"},{"taxonomy":"post_tag","embeddable":true,"href":"https:\/\/www.palandun.de\/index.php\/wp-json\/wp\/v2\/tags?post=998"}],"curies":[{"name":"wp","href":"https:\/\/api.w.org\/{rel}","templated":true}]}}